{"id":81580,"date":"2020-04-08T03:00:00","date_gmt":"2020-04-08T07:00:00","guid":{"rendered":"https:\/\/linitiative.ca\/International\/une-visioconference-africaine-consacree-au-covid-19\/"},"modified":"2020-04-08T03:00:00","modified_gmt":"2020-04-08T07:00:00","slug":"une-visioconference-africaine-consacree-au-covid-19","status":"publish","type":"post","link":"https:\/\/linitiative.ca\/International\/une-visioconference-africaine-consacree-au-covid-19\/","title":{"rendered":"Une visioconf\u00e9rence africaine consacr\u00e9e au Covid-19"},"content":{"rendered":"<div id=\"originalText\" readability=\"53\">\n<p>L\u2019Alg\u00e9rie\u00a0 prendra\u00a0 part,\u00a0 \u00e0\u00a0 travers\u00a0 ses\u00a0 experts,\u00a0le\u00a0 vendredi\u00a0 10\u00a0 avril prochain,\u00a0 \u00e0\u00a0 une\u00a0 conf\u00e9rence\u00a0 continentale\u00a0 sur\u00a0 le\u00a0 Covid\u00a0 19\u00a0 qui\u00a0 sera\u00a0 organis\u00e9e\u00a0 par visioconf\u00e9rence et qui r\u00e9unira plusieurs experts africains.<\/p>\n<p>Cette\u00a0 conf\u00e9rence,\u00a0 \u00e0\u00a0 l\u2019initiative\u00a0 de\u00a0 la\u00a0 Soci\u00e9t\u00e9\u00a0 africaine\u00a0 d\u2019allergologie\u00a0 et d\u2019immunologie clinique, est destin\u00e9e \u00e0 tout\u00a0 le corps m\u00e9dical par\u00a0 un acc\u00e8s gratuit et direct sur\u00a0 la\u00a0 page Facebook de la Soci\u00e9t\u00e9 alg\u00e9rienne, d\u2019allergologie et d\u2019immunologie clinique.<\/p>\n<p>Les\u00a0 experts\u00a0 de\u00a0 C\u00f4te\u00a0 d\u2019Ivoire, du\u00a0 Cameroun,\u00a0 du\u00a0 Mali, du\u00a0 Burkina\u00a0Faso\u00a0 et d\u2019Alg\u00e9rie participeront \u00e0 cette r\u00e9union continentale et tenteront d\u2019\u00e9changer sur les\u00a0 meilleures\u00a0 strat\u00e9gies\u00a0 \u00e0\u00a0 mettre\u00a0 en\u00a0 place\u00a0 pour\u00a0 contrer\u00a0 la\u00a0 pand\u00e9mie\u00a0 de coronavirus qui menace le continent.\u00a0<\/p>\n<\/div>\n<div id=\"text_core\" readability=\"53\">\n<p>L\u2019Alg\u00e9rie\u00a0 prendra\u00a0 part,\u00a0 \u00e0\u00a0 travers\u00a0 ses\u00a0 experts,\u00a0le\u00a0 vendredi\u00a0 10\u00a0 avril prochain,\u00a0 \u00e0\u00a0 une\u00a0 conf\u00e9rence\u00a0 continentale\u00a0 sur\u00a0 le\u00a0 Covid\u00a0 19\u00a0 qui\u00a0 sera\u00a0 organis\u00e9e\u00a0 par visioconf\u00e9rence et qui r\u00e9unira plusieurs experts africains.<\/p>\n<p>Cette\u00a0 conf\u00e9rence,\u00a0 \u00e0\u00a0 l\u2019initiative\u00a0 de\u00a0 la\u00a0 Soci\u00e9t\u00e9\u00a0 africaine\u00a0 d\u2019allergologie\u00a0 et d\u2019immunologie clinique, est destin\u00e9e \u00e0 tout\u00a0 le corps m\u00e9dical par\u00a0 un acc\u00e8s gratuit et direct sur\u00a0 la\u00a0 page Facebook de la Soci\u00e9t\u00e9 alg\u00e9rienne, d\u2019allergologie et d\u2019immunologie clinique.<\/p>\n<p>Les\u00a0 experts\u00a0 de\u00a0 C\u00f4te\u00a0 d\u2019Ivoire, du\u00a0 Cameroun,\u00a0 du\u00a0 Mali, du\u00a0 Burkina\u00a0Faso\u00a0 et d\u2019Alg\u00e9rie participeront \u00e0 cette r\u00e9union continentale et tenteront d\u2019\u00e9changer sur les\u00a0 meilleures\u00a0 strat\u00e9gies\u00a0 \u00e0\u00a0 mettre\u00a0 en\u00a0 place\u00a0 pour\u00a0 contrer\u00a0 la\u00a0 pand\u00e9mie\u00a0 de coronavirus qui menace le continent.\u00a0<\/p>\n<\/div>\n<p>Auteur:<br \/>\n<a href=\"https:\/\/www.liberte-algerie.com\/radar\/une-visioconference-africaine-consacree-au-covid-19-337179\">Cliquez ici pour lire l&rsquo;article depuis sa source.<\/a><\/p>\n","protected":false},"excerpt":{"rendered":"<p>L\u2019Alg\u00e9rie\u00a0 prendra\u00a0 part,\u00a0 \u00e0\u00a0 travers\u00a0 ses\u00a0 experts,\u00a0le\u00a0 vendredi\u00a0 10\u00a0 avril prochain,\u00a0 \u00e0\u00a0 une\u00a0 conf\u00e9rence\u00a0 continentale\u00a0 sur\u00a0 le\u00a0 Covid\u00a0 19\u00a0 qui\u00a0 sera\u00a0 organis\u00e9e\u00a0 par visioconf\u00e9rence et qui r\u00e9unira plusieurs experts africains. Cette\u00a0 conf\u00e9rence,\u00a0 \u00e0\u00a0 l\u2019initiative\u00a0 de\u00a0 la\u00a0 Soci\u00e9t\u00e9\u00a0 africaine\u00a0 d\u2019allergologie\u00a0 et d\u2019immunologie clinique, est destin\u00e9e \u00e0 tout\u00a0 le corps m\u00e9dical par\u00a0 un acc\u00e8s gratuit et direct [&hellip;]<\/p>\n","protected":false},"author":1742,"featured_media":0,"comment_status":"closed","ping_status":"closed","sticky":false,"template":"","format":"standard","meta":{"fifu_image_url":"","fifu_image_alt":"","footnotes":""},"categories":[73,53],"tags":[],"class_list":["post-81580","post","type-post","status-publish","format-standard","hentry","category-actualite","category-algerie"],"_links":{"self":[{"href":"https:\/\/linitiative.ca\/International\/wp-json\/wp\/v2\/posts\/81580","targetHints":{"allow":["GET"]}}],"collection":[{"href":"https:\/\/linitiative.ca\/International\/wp-json\/wp\/v2\/posts"}],"about":[{"href":"https:\/\/linitiative.ca\/International\/wp-json\/wp\/v2\/types\/post"}],"author":[{"embeddable":true,"href":"https:\/\/linitiative.ca\/International\/wp-json\/wp\/v2\/users\/1742"}],"replies":[{"embeddable":true,"href":"https:\/\/linitiative.ca\/International\/wp-json\/wp\/v2\/comments?post=81580"}],"version-history":[{"count":0,"href":"https:\/\/linitiative.ca\/International\/wp-json\/wp\/v2\/posts\/81580\/revisions"}],"wp:attachment":[{"href":"https:\/\/linitiative.ca\/International\/wp-json\/wp\/v2\/media?parent=81580"}],"wp:term":[{"taxonomy":"category","embeddable":true,"href":"https:\/\/linitiative.ca\/International\/wp-json\/wp\/v2\/categories?post=81580"},{"taxonomy":"post_tag","embeddable":true,"href":"https:\/\/linitiative.ca\/International\/wp-json\/wp\/v2\/tags?post=81580"}],"curies":[{"name":"wp","href":"https:\/\/api.w.org\/{rel}","templated":true}]}}