{"id":81581,"date":"2020-04-08T03:00:00","date_gmt":"2020-04-08T07:00:00","guid":{"rendered":"https:\/\/linitiative.ca\/International\/grande-perturbation-de-linternet-en-algerie\/"},"modified":"2020-04-08T03:00:00","modified_gmt":"2020-04-08T07:00:00","slug":"grande-perturbation-de-linternet-en-algerie","status":"publish","type":"post","link":"https:\/\/linitiative.ca\/International\/grande-perturbation-de-linternet-en-algerie\/","title":{"rendered":"Grande perturbation de l\u2019internet en Alg\u00e9rie"},"content":{"rendered":"<div id=\"originalText\" readability=\"51\">\n<p>Les\u00a0 internautes\u00a0 ont\u00a0 toutes\u00a0 les\u00a0 peines\u00a0 du monde\u00a0 \u00e0\u00a0 acc\u00e9der\u00a0 aux\u00a0 sites d\u2019information nationaux\u00a0 et\u00a0 internationaux, mais\u00a0 aussi\u00a0 \u00e0\u00a0 des\u00a0services\u00a0 web comme Yahoo. M\u00eame les r\u00e9seaux sociaux sont parfois difficiles d\u2019acc\u00e8s, alors que\u00a0 le\u00a0 d\u00e9bit\u00a0 de\u00a0 la\u00a0 connexion\u00a0 \u00e0\u00a0 internet laissait \u00e0 d\u00e9sirer.<\/p>\n<p>Vraisemblablement,\u00a0 cette\u00a0 situation\u00a0 serait due\u00a0 au\u00a0 c\u00e2ble\u00a0 sous-marin\u00a0 en\u00a0 fibre optique international, auquel l\u2019Alg\u00e9rie est reli\u00e9e depuis Annaba, qui \u00e9tait coup\u00e9 par le consortium international depuis le 2 avril, et ce, pour une p\u00e9riode de sept jours. Pourtant, l\u2019ancien P-DG d\u2019Alg\u00e9rie T\u00e9l\u00e9com avait affirm\u00e9 que \u201cl\u2019Alg\u00e9rie, qui est reli\u00e9e \u00e0 ce c\u00e2ble entre Annaba et Marseille, sera touch\u00e9e, mais sans\u00a0 grande\u00a0 incidence\u00a0sur\u00a0 le\u00a0r\u00e9seau\u00a0internet\u00a0 national\u201d.\u00a0<\/p>\n<\/div>\n<div id=\"text_core\" readability=\"51\">\n<p>Les\u00a0 internautes\u00a0 ont\u00a0 toutes\u00a0 les\u00a0 peines\u00a0 du monde\u00a0 \u00e0\u00a0 acc\u00e9der\u00a0 aux\u00a0 sites d\u2019information nationaux\u00a0 et\u00a0 internationaux, mais\u00a0 aussi\u00a0 \u00e0\u00a0 des\u00a0services\u00a0 web comme Yahoo. M\u00eame les r\u00e9seaux sociaux sont parfois difficiles d\u2019acc\u00e8s, alors que\u00a0 le\u00a0 d\u00e9bit\u00a0 de\u00a0 la\u00a0 connexion\u00a0 \u00e0\u00a0 internet laissait \u00e0 d\u00e9sirer.<\/p>\n<p>Vraisemblablement,\u00a0 cette\u00a0 situation\u00a0 serait due\u00a0 au\u00a0 c\u00e2ble\u00a0 sous-marin\u00a0 en\u00a0 fibre optique international, auquel l\u2019Alg\u00e9rie est reli\u00e9e depuis Annaba, qui \u00e9tait coup\u00e9 par le consortium international depuis le 2 avril, et ce, pour une p\u00e9riode de sept jours. Pourtant, l\u2019ancien P-DG d\u2019Alg\u00e9rie T\u00e9l\u00e9com avait affirm\u00e9 que \u201cl\u2019Alg\u00e9rie, qui est reli\u00e9e \u00e0 ce c\u00e2ble entre Annaba et Marseille, sera touch\u00e9e, mais sans\u00a0 grande\u00a0 incidence\u00a0sur\u00a0 le\u00a0r\u00e9seau\u00a0internet\u00a0 national\u201d.\u00a0<\/p>\n<\/div>\n<p>Auteur:<br \/>\n<a href=\"https:\/\/www.liberte-algerie.com\/radar\/grande-perturbation-de-linternet-en-algerie-337178\">Cliquez ici pour lire l&rsquo;article depuis sa source.<\/a><\/p>\n","protected":false},"excerpt":{"rendered":"<p>Les\u00a0 internautes\u00a0 ont\u00a0 toutes\u00a0 les\u00a0 peines\u00a0 du monde\u00a0 \u00e0\u00a0 acc\u00e9der\u00a0 aux\u00a0 sites d\u2019information nationaux\u00a0 et\u00a0 internationaux, mais\u00a0 aussi\u00a0 \u00e0\u00a0 des\u00a0services\u00a0 web comme Yahoo. M\u00eame les r\u00e9seaux sociaux sont parfois difficiles d\u2019acc\u00e8s, alors que\u00a0 le\u00a0 d\u00e9bit\u00a0 de\u00a0 la\u00a0 connexion\u00a0 \u00e0\u00a0 internet laissait \u00e0 d\u00e9sirer. Vraisemblablement,\u00a0 cette\u00a0 situation\u00a0 serait due\u00a0 au\u00a0 c\u00e2ble\u00a0 sous-marin\u00a0 en\u00a0 fibre optique international, [&hellip;]<\/p>\n","protected":false},"author":1742,"featured_media":0,"comment_status":"closed","ping_status":"closed","sticky":false,"template":"","format":"standard","meta":{"fifu_image_url":"","fifu_image_alt":"","footnotes":""},"categories":[73,53],"tags":[],"class_list":["post-81581","post","type-post","status-publish","format-standard","hentry","category-actualite","category-algerie"],"_links":{"self":[{"href":"https:\/\/linitiative.ca\/International\/wp-json\/wp\/v2\/posts\/81581","targetHints":{"allow":["GET"]}}],"collection":[{"href":"https:\/\/linitiative.ca\/International\/wp-json\/wp\/v2\/posts"}],"about":[{"href":"https:\/\/linitiative.ca\/International\/wp-json\/wp\/v2\/types\/post"}],"author":[{"embeddable":true,"href":"https:\/\/linitiative.ca\/International\/wp-json\/wp\/v2\/users\/1742"}],"replies":[{"embeddable":true,"href":"https:\/\/linitiative.ca\/International\/wp-json\/wp\/v2\/comments?post=81581"}],"version-history":[{"count":0,"href":"https:\/\/linitiative.ca\/International\/wp-json\/wp\/v2\/posts\/81581\/revisions"}],"wp:attachment":[{"href":"https:\/\/linitiative.ca\/International\/wp-json\/wp\/v2\/media?parent=81581"}],"wp:term":[{"taxonomy":"category","embeddable":true,"href":"https:\/\/linitiative.ca\/International\/wp-json\/wp\/v2\/categories?post=81581"},{"taxonomy":"post_tag","embeddable":true,"href":"https:\/\/linitiative.ca\/International\/wp-json\/wp\/v2\/tags?post=81581"}],"curies":[{"name":"wp","href":"https:\/\/api.w.org\/{rel}","templated":true}]}}