{"id":81583,"date":"2020-04-08T12:00:00","date_gmt":"2020-04-08T16:00:00","guid":{"rendered":"https:\/\/linitiative.ca\/International\/104-nouveaux-cas-confirmes-et-12-nouveaux-deces-en-algerie\/"},"modified":"2020-04-08T12:00:00","modified_gmt":"2020-04-08T16:00:00","slug":"104-nouveaux-cas-confirmes-et-12-nouveaux-deces-en-algerie","status":"publish","type":"post","link":"https:\/\/linitiative.ca\/International\/104-nouveaux-cas-confirmes-et-12-nouveaux-deces-en-algerie\/","title":{"rendered":"104 nouveaux cas confirm\u00e9s et 12 nouveaux d\u00e9c\u00e8s en Alg\u00e9rie"},"content":{"rendered":"<div id=\"originalText\" readability=\"40\">\n<p class=\"c6\">Cent-quatre nouveaux cas confirm\u00e9s de\u00a0coronavirus (Covid-19) et 12 nouveaux d\u00e9c\u00e8s ont \u00e9t\u00e9 enregistr\u00e9s en Alg\u00e9rie,\u00a0portant le nombre de cas confirm\u00e9s \u00e0 1572 et celui des d\u00e9c\u00e8s \u00e0 205, a\u00a0indiqu\u00e9 mercredi \u00e0 Alger, le porte-parole du Comit\u00e9 scientifique de suivi\u00a0de l&rsquo;\u00e9volution de la pand\u00e9mie du Coronavirus, Djamel Fourar, lors du point\u00a0de presse quotidien consacr\u00e9 \u00e0 l&rsquo;\u00e9volution de la pand\u00e9mie.<\/p>\n<p class=\"c7\"><strong>APS<\/strong><\/p>\n<\/div>\n<div id=\"text_core\" readability=\"40\">\n<p class=\"c6\">Cent-quatre nouveaux cas confirm\u00e9s de\u00a0coronavirus (Covid-19) et 12 nouveaux d\u00e9c\u00e8s ont \u00e9t\u00e9 enregistr\u00e9s en Alg\u00e9rie,\u00a0portant le nombre de cas confirm\u00e9s \u00e0 1572 et celui des d\u00e9c\u00e8s \u00e0 205, a\u00a0indiqu\u00e9 mercredi \u00e0 Alger, le porte-parole du Comit\u00e9 scientifique de suivi\u00a0de l&rsquo;\u00e9volution de la pand\u00e9mie du Coronavirus, Djamel Fourar, lors du point\u00a0de presse quotidien consacr\u00e9 \u00e0 l&rsquo;\u00e9volution de la pand\u00e9mie.<\/p>\n<p class=\"c7\"><strong>APS<\/strong><\/p>\n<\/div>\n<p>Auteur:<br \/>\n<a href=\"https:\/\/www.liberte-algerie.com\/actualite\/104-nouveaux-cas-confirmes-et-12-nouveaux-deces-en-algerie-337220\">Cliquez ici pour lire l&rsquo;article depuis sa source.<\/a><\/p>\n","protected":false},"excerpt":{"rendered":"<p>Cent-quatre nouveaux cas confirm\u00e9s de\u00a0coronavirus (Covid-19) et 12 nouveaux d\u00e9c\u00e8s ont \u00e9t\u00e9 enregistr\u00e9s en Alg\u00e9rie,\u00a0portant le nombre de cas confirm\u00e9s \u00e0 1572 et celui des d\u00e9c\u00e8s \u00e0 205, a\u00a0indiqu\u00e9 mercredi \u00e0 Alger, le porte-parole du Comit\u00e9 scientifique de suivi\u00a0de l&rsquo;\u00e9volution de la pand\u00e9mie du Coronavirus, Djamel Fourar, lors du point\u00a0de presse quotidien consacr\u00e9 \u00e0 l&rsquo;\u00e9volution [&hellip;]<\/p>\n","protected":false},"author":1742,"featured_media":0,"comment_status":"closed","ping_status":"closed","sticky":false,"template":"","format":"standard","meta":{"fifu_image_url":"","fifu_image_alt":"","footnotes":""},"categories":[73,53],"tags":[],"class_list":["post-81583","post","type-post","status-publish","format-standard","hentry","category-actualite","category-algerie"],"_links":{"self":[{"href":"https:\/\/linitiative.ca\/International\/wp-json\/wp\/v2\/posts\/81583","targetHints":{"allow":["GET"]}}],"collection":[{"href":"https:\/\/linitiative.ca\/International\/wp-json\/wp\/v2\/posts"}],"about":[{"href":"https:\/\/linitiative.ca\/International\/wp-json\/wp\/v2\/types\/post"}],"author":[{"embeddable":true,"href":"https:\/\/linitiative.ca\/International\/wp-json\/wp\/v2\/users\/1742"}],"replies":[{"embeddable":true,"href":"https:\/\/linitiative.ca\/International\/wp-json\/wp\/v2\/comments?post=81583"}],"version-history":[{"count":0,"href":"https:\/\/linitiative.ca\/International\/wp-json\/wp\/v2\/posts\/81583\/revisions"}],"wp:attachment":[{"href":"https:\/\/linitiative.ca\/International\/wp-json\/wp\/v2\/media?parent=81583"}],"wp:term":[{"taxonomy":"category","embeddable":true,"href":"https:\/\/linitiative.ca\/International\/wp-json\/wp\/v2\/categories?post=81583"},{"taxonomy":"post_tag","embeddable":true,"href":"https:\/\/linitiative.ca\/International\/wp-json\/wp\/v2\/tags?post=81583"}],"curies":[{"name":"wp","href":"https:\/\/api.w.org\/{rel}","templated":true}]}}