{"id":81587,"date":"2020-04-08T08:45:37","date_gmt":"2020-04-08T12:45:37","guid":{"rendered":"https:\/\/linitiative.ca\/International\/des-acteurs-associatifs-au-chevet-des-familles-demunies\/"},"modified":"2020-04-08T08:45:37","modified_gmt":"2020-04-08T12:45:37","slug":"des-acteurs-associatifs-au-chevet-des-familles-demunies","status":"publish","type":"post","link":"https:\/\/linitiative.ca\/International\/des-acteurs-associatifs-au-chevet-des-familles-demunies\/","title":{"rendered":"Des acteurs associatifs au chevet des familles d\u00e9munies"},"content":{"rendered":"<div readability=\"36\">\n<p>Essaouira \u2013 Des acteurs associatifs actifs dans la ville d\u2019Essaouira se sont fortement mobilis\u00e9s en vue de venir en aide aux personnes n\u00e9cessiteuses et aux familles d\u00e9munies et ce, dans le cadre de l\u2019\u00e9lan de solidarit\u00e9 national visant \u00e0 lutter contre la propagation du nouveau coronavirus (Covid-19).<\/p>\n<\/div>\n<div readability=\"117\">\n<p>Ces nobles initiatives, qui ne cessent de se multiplier \u00e0 l\u2019\u00e9chelle locale en cette conjoncture exceptionnelle, traduisent, si besoin est, l\u2019implication effective et agissante ainsi que l\u2019engagement infaillible de la soci\u00e9t\u00e9 civile souirie pour la cons\u00e9cration des valeurs de solidarit\u00e9 et d\u2019entraide, fortement ancr\u00e9es dans la soci\u00e9t\u00e9 marocaine.<\/p>\n<p>Ces op\u00e9rations humanitaires se veulent aussi une contribution aux grands efforts d\u00e9ploy\u00e9s et aux diverses actions men\u00e9es, \u00e0 travers le Royaume, par toutes les composantes de la soci\u00e9t\u00e9 pour att\u00e9nuer les souffrances des populations, notamment vuln\u00e9rables ou celles vivant en situation de pr\u00e9carit\u00e9.<\/p>\n<p>C\u2019est dans ce sens que l\u2019Association F\u00e9minine El Khir \u00e0 Essaouira a lanc\u00e9 un appel aux donateurs en vue de mener une action de solidarit\u00e9 d\u2019urgence, qui a permis la collecte de ressources financi\u00e8res pour l\u2019achat de denr\u00e9es alimentaires de premi\u00e8re n\u00e9cessit\u00e9 au profit des personnes, notamment les femmes, et des familles n\u00e9cessiteuses, afin de contribuer \u00e0 l\u2019att\u00e9nuation des effets socio-\u00e9conomiques induits par cette pand\u00e9mie mondiale sur cette frange de la soci\u00e9t\u00e9.<\/p>\n<p>Gr\u00e2ce au concours de plusieurs partenaires, dont l\u2019association caritative fran\u00e7aise \u00ab\u00a0C\u0153ur de Gazelles\u00a0\u00bb, de l\u2019ONG f\u00e9ministe pour la paix (Suisse) et d\u2019autres donateurs priv\u00e9s, l\u2019Association a proc\u00e9d\u00e9 \u00e0 la distribution de paniers alimentaires de solidarit\u00e9 en faveur de 40 familles, alors que six femmes en situation de pr\u00e9carit\u00e9 vivant en milieu rural ont re\u00e7u des sommes d\u2019argent via des mandats postaux pour r\u00e9pondre aux besoins de leurs familles.<\/p>\n<p>\u00ab\u00a0Cette situation exceptionnelle que traverse le Royaume, induite par la propagation de la pand\u00e9mie du Covid-19, nous a fortement interpell\u00e9 pour mobiliser nos donateurs et mener d\u2019urgence une grande action de solidarit\u00e9 pour la distribution de paniers alimentaires ayant profit\u00e9 \u00e0 plus de 40 familles\u00a0\u00bb, a soulign\u00e9 Mme Souad Dibi, coordinatrice des projets de l\u2019Association.<\/p>\n<p>\u00ab\u00a0Nous esp\u00e9rons r\u00e9ussir \u00e0 venir en aide au maximum de familles et de femmes vuln\u00e9rables \u00e0 Essaouira car la pr\u00e9carit\u00e9 touche un nombre tr\u00e8s important d\u2019entre elles, sachant que ces m\u00e9nages et ces personnes n\u00e9cessiteuses demeurent sans revenus en cette conjoncture difficile\u00a0\u00bb, a-t-elle expliqu\u00e9 dans une d\u00e9claration \u00e0 la MAP.<\/p>\n<p>Mme Dibi a, dans ce sens, tenu \u00e0 exprimer, au nom des b\u00e9n\u00e9ficiaires, ses vifs remerciements aux donateurs, dont les contributions ont permis d\u2019apporter une immense joie et un grand bonheur \u00e0 ces femmes et \u00e0 ces familles, tout en plaidant pour la synergie des efforts en continu et la f\u00e9d\u00e9ration des \u00e9nergies en faveur d\u2019une solidarit\u00e9 durable et plus inclusive.<\/p>\n<p>Rappelant que l\u2019Association f\u00e9minine El Khir accueille chaque ann\u00e9e plus de 400 femmes, qui veulent b\u00e9n\u00e9ficier d\u2019une orientation juridique pour le r\u00e8glement de leurs probl\u00e8mes familiaux, elle a indiqu\u00e9 que ces femmes sont en g\u00e9n\u00e9ral sans ressources financi\u00e8res fixes ou exercent de petits emplois, \u00e0 m\u00eame d\u2019\u00eatre actuellement sans activit\u00e9 et sans revenus.<\/p>\n<p>\u00ab\u00a0Dans le cadre du soutien \u00e0 ces femmes en difficult\u00e9 qui sont b\u00e9n\u00e9ficiaires de notre centre d\u2019\u00e9coute, l\u2019Association est consciente aussi de leur difficult\u00e9 \u00e0 satisfaire leurs besoins quotidiens surtout en cette p\u00e9riode marqu\u00e9e par l\u2019\u00e9tat d\u2019urgence sanitaire et la mise en \u0153uvre des mesures de confinement\u00a0\u00bb, a pr\u00e9cis\u00e9 Mme Dibi.<\/p>\n<p>Elle a, par ailleurs, fortement salu\u00e9 les diverses actions et initiatives louables men\u00e9es par d\u2019autres acteurs associatifs locaux qui, malgr\u00e9 leurs ressources financi\u00e8res limit\u00e9es, sont mobilis\u00e9s corps et \u00e2me afin de contribuer \u00e0 cette campagne de solidarit\u00e9 men\u00e9e au niveau de la province d\u2019Essaouira.<\/p>\n<\/div>\n<p>Auteur: Meriem IGASS<br \/>\n<a href=\"http:\/\/www.mapmarrakech.ma\/fr\/des-acteurs-associatifs-au-chevet-des-familles-demunies\/\">Cliquez ici pour lire l&rsquo;article depuis sa source.<\/a><\/p>\n","protected":false},"excerpt":{"rendered":"<p>Essaouira \u2013 Des acteurs associatifs actifs dans la ville d\u2019Essaouira se sont fortement mobilis\u00e9s en vue de venir en aide aux personnes n\u00e9cessiteuses et aux familles d\u00e9munies et ce, dans le cadre de l\u2019\u00e9lan de solidarit\u00e9 national visant \u00e0 lutter contre la propagation du nouveau coronavirus (Covid-19). Ces nobles initiatives, qui ne cessent de se [&hellip;]<\/p>\n","protected":false},"author":1788,"featured_media":0,"comment_status":"closed","ping_status":"closed","sticky":false,"template":"","format":"standard","meta":{"fifu_image_url":"","fifu_image_alt":"","footnotes":""},"categories":[54,76],"tags":[],"class_list":["post-81587","post","type-post","status-publish","format-standard","hentry","category-maroc","category-regions"],"_links":{"self":[{"href":"https:\/\/linitiative.ca\/International\/wp-json\/wp\/v2\/posts\/81587","targetHints":{"allow":["GET"]}}],"collection":[{"href":"https:\/\/linitiative.ca\/International\/wp-json\/wp\/v2\/posts"}],"about":[{"href":"https:\/\/linitiative.ca\/International\/wp-json\/wp\/v2\/types\/post"}],"author":[{"embeddable":true,"href":"https:\/\/linitiative.ca\/International\/wp-json\/wp\/v2\/users\/1788"}],"replies":[{"embeddable":true,"href":"https:\/\/linitiative.ca\/International\/wp-json\/wp\/v2\/comments?post=81587"}],"version-history":[{"count":0,"href":"https:\/\/linitiative.ca\/International\/wp-json\/wp\/v2\/posts\/81587\/revisions"}],"wp:attachment":[{"href":"https:\/\/linitiative.ca\/International\/wp-json\/wp\/v2\/media?parent=81587"}],"wp:term":[{"taxonomy":"category","embeddable":true,"href":"https:\/\/linitiative.ca\/International\/wp-json\/wp\/v2\/categories?post=81587"},{"taxonomy":"post_tag","embeddable":true,"href":"https:\/\/linitiative.ca\/International\/wp-json\/wp\/v2\/tags?post=81587"}],"curies":[{"name":"wp","href":"https:\/\/api.w.org\/{rel}","templated":true}]}}