{"id":81588,"date":"2020-04-08T10:27:25","date_gmt":"2020-04-08T14:27:25","guid":{"rendered":"https:\/\/linitiative.ca\/International\/aref-consultation-en-milieu-scolaire-sur-le-modele-de-developpement\/"},"modified":"2020-04-08T10:27:25","modified_gmt":"2020-04-08T14:27:25","slug":"aref-consultation-en-milieu-scolaire-sur-le-modele-de-developpement","status":"publish","type":"post","link":"https:\/\/linitiative.ca\/International\/aref-consultation-en-milieu-scolaire-sur-le-modele-de-developpement\/","title":{"rendered":"AREF: Consultation en milieu scolaire sur le mod\u00e8le de d\u00e9veloppement"},"content":{"rendered":"<div readability=\"34\">\n<p>Marrakech \u2013 L\u2019Acad\u00e9mie R\u00e9gionale de l\u2019Education et de la Formation (AREF) de Marrakech-Safi vient de lancer une large consultation en milieu scolaire autour du nouveau mod\u00e8le de d\u00e9veloppement sur le th\u00e8me \u00ab\u00a0Le Maroc de demain\u00a0\u00bb.<\/p>\n<\/div>\n<div readability=\"87\">\n<p>Initi\u00e9e en coordination avec les directions provinciales de l\u2019\u00e9ducation nationale relevant de la r\u00e9gion, cette consultation vise \u00e0 recueillir les avis des \u00e9l\u00e8ves du tronc commun au sein des lyc\u00e9es qualifiants, publics et priv\u00e9s, afin d\u2019enrichir le d\u00e9bat en cours sur le nouveau mod\u00e8le de d\u00e9veloppement.<\/p>\n<p>A cette occasion, le directeur de l\u2019AREF de Marrakech-Safi, Moulay Ahmed Karimi, a soulign\u00e9 que cette initiative prend en consid\u00e9ration l\u2019opinion des jeunes au sujet de la vision d\u2019avenir du pays, vu qu\u2019ils constituent un pilier fondamental du capital humain et une pierre angulaire des politiques publiques nationales.<\/p>\n<p>Dans une d\u00e9claration \u00e0 la MAP, M. Karimi a fait savoir que l\u2019Acad\u00e9mie r\u00e9gionale a entam\u00e9 l\u2019encadrement de cette op\u00e9ration, en invitant les directions provinciales et les directeurs des \u00e9tablissements scolaires \u00e0 encourager la cr\u00e9ation litt\u00e9raire et \u00e0 recueillir les contributions des apprenants.<\/p>\n<p>Le responsable a, dans la foul\u00e9e, appel\u00e9 les \u00e9l\u00e8ves lyc\u00e9ens \u00e0 r\u00e9diger des dissertations dans lesquelles ils d\u00e9crivent leur perception du mod\u00e8le de d\u00e9veloppement souhait\u00e9, pr\u00e9cisant qu\u2019il sera proc\u00e9d\u00e9 \u00e0 la s\u00e9lection des meilleures contributions selon une proc\u00e9dure et un calendrier bien d\u00e9finis par le minist\u00e8re de tutelle.<\/p>\n<p>La Commission sp\u00e9ciale sur le mod\u00e8le de d\u00e9veloppement (CSMD) et le minist\u00e8re de l\u2019Education nationale, de la Formation professionnelle, de l\u2019Enseignement sup\u00e9rieur et de la Recherche scientifique ont lanc\u00e9 une large consultation aupr\u00e8s des lyc\u00e9ens sur le th\u00e8me \u00ab\u00a0Le Maroc de demain\u00a0\u00bb.<\/p>\n<p>Cette consultation intervient conform\u00e9ment aux Hautes Orientations Royales consid\u00e9rant les jeunes comme \u00ab\u00a0la vraie richesse du pays\u00a0\u00bb et selon les dispositions de l\u2019article 33 de la Constitution qui insiste sur la n\u00e9cessit\u00e9 de la participation des jeunes marocains \u00e0 la vie publique.<\/p>\n<p>La participation a \u00e9t\u00e9 ouverte aux \u00e9l\u00e8ves du tronc commun des lyc\u00e9es publics et priv\u00e9s, \u00e0 partir du 2 avril. Chaque participant est invit\u00e9 \u00e0 r\u00e9diger une dissertation, en langue arabe, amazighe ou dans une langue \u00e9trang\u00e8re, en d\u00e9crivant sa vision du Maroc de demain.<\/p>\n<p>A cet effet, un site \u00e9lectronique (ofok.men.gov.ma) est mis en place pour t\u00e9l\u00e9charger la fiche technique de la consultation, remplir le formulaire de participation et soumettre les dissertations avant le 12 avril.<\/p>\n<\/div>\n<p>Auteur: Meriem IGASS<br \/>\n<a href=\"http:\/\/www.mapmarrakech.ma\/fr\/aref-consultation-en-milieu-scolaire-sur-le-modele-de-developpement\/\">Cliquez ici pour lire l&rsquo;article depuis sa source.<\/a><\/p>\n","protected":false},"excerpt":{"rendered":"<p>Marrakech \u2013 L\u2019Acad\u00e9mie R\u00e9gionale de l\u2019Education et de la Formation (AREF) de Marrakech-Safi vient de lancer une large consultation en milieu scolaire autour du nouveau mod\u00e8le de d\u00e9veloppement sur le th\u00e8me \u00ab\u00a0Le Maroc de demain\u00a0\u00bb. Initi\u00e9e en coordination avec les directions provinciales de l\u2019\u00e9ducation nationale relevant de la r\u00e9gion, cette consultation vise \u00e0 recueillir les [&hellip;]<\/p>\n","protected":false},"author":1788,"featured_media":0,"comment_status":"closed","ping_status":"closed","sticky":false,"template":"","format":"standard","meta":{"fifu_image_url":"","fifu_image_alt":"","footnotes":""},"categories":[54,76],"tags":[],"class_list":["post-81588","post","type-post","status-publish","format-standard","hentry","category-maroc","category-regions"],"_links":{"self":[{"href":"https:\/\/linitiative.ca\/International\/wp-json\/wp\/v2\/posts\/81588","targetHints":{"allow":["GET"]}}],"collection":[{"href":"https:\/\/linitiative.ca\/International\/wp-json\/wp\/v2\/posts"}],"about":[{"href":"https:\/\/linitiative.ca\/International\/wp-json\/wp\/v2\/types\/post"}],"author":[{"embeddable":true,"href":"https:\/\/linitiative.ca\/International\/wp-json\/wp\/v2\/users\/1788"}],"replies":[{"embeddable":true,"href":"https:\/\/linitiative.ca\/International\/wp-json\/wp\/v2\/comments?post=81588"}],"version-history":[{"count":0,"href":"https:\/\/linitiative.ca\/International\/wp-json\/wp\/v2\/posts\/81588\/revisions"}],"wp:attachment":[{"href":"https:\/\/linitiative.ca\/International\/wp-json\/wp\/v2\/media?parent=81588"}],"wp:term":[{"taxonomy":"category","embeddable":true,"href":"https:\/\/linitiative.ca\/International\/wp-json\/wp\/v2\/categories?post=81588"},{"taxonomy":"post_tag","embeddable":true,"href":"https:\/\/linitiative.ca\/International\/wp-json\/wp\/v2\/tags?post=81588"}],"curies":[{"name":"wp","href":"https:\/\/api.w.org\/{rel}","templated":true}]}}