{"id":81589,"date":"2020-04-08T12:49:46","date_gmt":"2020-04-08T16:49:46","guid":{"rendered":"https:\/\/linitiative.ca\/International\/covid-19-sm-le-roi-amir-al-mouminine-decide-dexonerer-des-droits-de-bail-les-locataires-des-locaux-des-habous-consacres-au-commerce-aux-metiers-aux-services-et-a-lhabitation-dur\/"},"modified":"2020-04-08T12:49:46","modified_gmt":"2020-04-08T16:49:46","slug":"covid-19-sm-le-roi-amir-al-mouminine-decide-dexonerer-des-droits-de-bail-les-locataires-des-locaux-des-habous-consacres-au-commerce-aux-metiers-aux-services-et-a-lhabitation-dur","status":"publish","type":"post","link":"https:\/\/linitiative.ca\/International\/covid-19-sm-le-roi-amir-al-mouminine-decide-dexonerer-des-droits-de-bail-les-locataires-des-locaux-des-habous-consacres-au-commerce-aux-metiers-aux-services-et-a-lhabitation-dur\/","title":{"rendered":"Covid-19: SM le Roi, Amir Al Mouminine, d\u00e9cide d\u2019exon\u00e9rer des droits de bail les locataires des locaux des Habous consacr\u00e9s au commerce, aux m\u00e9tiers, aux services et \u00e0 l\u2019habitation durant la p\u00e9riode de confinement"},"content":{"rendered":"<div class=\"single-featured\"><img alt=\"\" data-src=\"http:\/\/www.mapmarrakech.ma\/map\/uploads\/2020\/04\/SM-le-Roi-2.jpg\"\/><\/div>\n<div class=\"single-post-excerpt post-excerpt-bc\" readability=\"42\">\n<p>Rabat \u2013 Sa Majest\u00e9 le Roi Mohammed VI, Amir Al Mouminine et Nadher Supr\u00eame des Waqfs, a d\u00e9cid\u00e9 d\u2019exon\u00e9rer des droits de bail les locataires des locaux des habous consacr\u00e9s au commerce, aux m\u00e9tiers, aux services et \u00e0 l\u2019habitation, \u00e0 l\u2019exception des fonctionnaires et ce, pendant toute la p\u00e9riode d\u2019urgence sanitaire, indique mercredi le minist\u00e8re des Habous et des Affaires islamiques.<\/p>\n<\/div>\n<div class=\"entry-content clearfix single-post-content\" readability=\"47\">\n<p>\u00ab\u00a0Dans le cadre de la sollicitude continue dont SM le Roi Mohammed VI, Amir Al Mouminine et Nadher Supr\u00eame des Waqfs, que Dieu L\u2019assiste, entoure les cat\u00e9gories affect\u00e9es par les r\u00e9percussions de la pand\u00e9mie du coronavirus (Covid-19), Sa Majest\u00e9 a bien voulu exon\u00e9rer des droits de bail les locataires des locaux des habous consacr\u00e9s au commerce, aux m\u00e9tiers, aux services et \u00e0 l\u2019habitation, \u00e0 l\u2019exception des fonctionnaires\u00a0\u00bb, souligne le minist\u00e8re dans un communiqu\u00e9.<\/p>\n<p>Cette Haute d\u00e9cision royale s\u2019\u00e9talera tout au long de la p\u00e9riode de l\u2019urgence sanitaire, pr\u00e9cise le minist\u00e8re.<\/p>\n<\/div>\n<p>Auteur: Meriem IGASS<br \/>\n<a href=\"http:\/\/www.mapmarrakech.ma\/fr\/covid-19-sm-le-roi-amir-al-mouminine-decide-dexonerer-des-droits-de-bail-les-locataires-des-locaux-des-habous-consacres-au-commerce-aux-metiers-aux-services-et-a-lhabitation-durant-la\/\">Cliquez ici pour lire l&rsquo;article depuis sa source.<\/a><\/p>\n","protected":false},"excerpt":{"rendered":"<p>Rabat \u2013 Sa Majest\u00e9 le Roi Mohammed VI, Amir Al Mouminine et Nadher Supr\u00eame des Waqfs, a d\u00e9cid\u00e9 d\u2019exon\u00e9rer des droits de bail les locataires des locaux des habous consacr\u00e9s au commerce, aux m\u00e9tiers, aux services et \u00e0 l\u2019habitation, \u00e0 l\u2019exception des fonctionnaires et ce, pendant toute la p\u00e9riode d\u2019urgence sanitaire, indique mercredi le minist\u00e8re [&hellip;]<\/p>\n","protected":false},"author":1788,"featured_media":81590,"comment_status":"closed","ping_status":"closed","sticky":false,"template":"","format":"standard","meta":{"fifu_image_url":"","fifu_image_alt":"","footnotes":""},"categories":[54,76],"tags":[],"class_list":["post-81589","post","type-post","status-publish","format-standard","has-post-thumbnail","hentry","category-maroc","category-regions"],"_links":{"self":[{"href":"https:\/\/linitiative.ca\/International\/wp-json\/wp\/v2\/posts\/81589","targetHints":{"allow":["GET"]}}],"collection":[{"href":"https:\/\/linitiative.ca\/International\/wp-json\/wp\/v2\/posts"}],"about":[{"href":"https:\/\/linitiative.ca\/International\/wp-json\/wp\/v2\/types\/post"}],"author":[{"embeddable":true,"href":"https:\/\/linitiative.ca\/International\/wp-json\/wp\/v2\/users\/1788"}],"replies":[{"embeddable":true,"href":"https:\/\/linitiative.ca\/International\/wp-json\/wp\/v2\/comments?post=81589"}],"version-history":[{"count":0,"href":"https:\/\/linitiative.ca\/International\/wp-json\/wp\/v2\/posts\/81589\/revisions"}],"wp:featuredmedia":[{"embeddable":true,"href":"https:\/\/linitiative.ca\/International\/wp-json\/"}],"wp:attachment":[{"href":"https:\/\/linitiative.ca\/International\/wp-json\/wp\/v2\/media?parent=81589"}],"wp:term":[{"taxonomy":"category","embeddable":true,"href":"https:\/\/linitiative.ca\/International\/wp-json\/wp\/v2\/categories?post=81589"},{"taxonomy":"post_tag","embeddable":true,"href":"https:\/\/linitiative.ca\/International\/wp-json\/wp\/v2\/tags?post=81589"}],"curies":[{"name":"wp","href":"https:\/\/api.w.org\/{rel}","templated":true}]}}