{"id":81591,"date":"2020-04-08T07:14:07","date_gmt":"2020-04-08T11:14:07","guid":{"rendered":"https:\/\/linitiative.ca\/International\/ghardaia-vaste-operation-de-desinfection-des-structures-de-sante-de-metlili\/"},"modified":"2020-04-08T07:14:07","modified_gmt":"2020-04-08T11:14:07","slug":"ghardaia-vaste-operation-de-desinfection-des-structures-de-sante-de-metlili","status":"publish","type":"post","link":"https:\/\/linitiative.ca\/International\/ghardaia-vaste-operation-de-desinfection-des-structures-de-sante-de-metlili\/","title":{"rendered":"Gharda\u00efa: vaste op\u00e9ration de d\u00e9sinfection des structures de sant\u00e9 de M\u00e9tlili"},"content":{"rendered":"<div>\n<div class=\"K2FeedImage\"><img decoding=\"async\" src=\"http:\/\/www.aps.dz\/media\/k2\/items\/cache\/8e8e2d955bd3c30a9be3e49e9ec38f41_S.jpg\" alt=\"Gharda&iuml;a: vaste op&eacute;ration de d&eacute;sinfection des structures de sant&eacute; de M&eacute;tlili\"><\/div>\n<div class=\"K2FeedIntroText\">\n<p><strong>GHARDAIA &#8211; Une vaste op&eacute;ration de d&eacute;sinfection et de st&eacute;rilisation des diff&eacute;rentes structures de Sant&eacute; de M&eacute;tlili (45 km de Gharda&iuml;a) se poursuit mercredi, dans le cadre des mesures pr&eacute;ventives et proactives de lutte contre la propagation du nouveau coronavirus (Covid-19).<\/strong><\/p>\n<\/div>\n<div class=\"K2FeedFullText\">\n<p>Lanc&eacute;e mardi par les &eacute;l&eacute;ments de la Protection civile, en collaboration avec les services de s&eacute;curit&eacute; (police, gendarmerie), les autorit&eacute;s locales, la soci&eacute;t&eacute; civile et le corps m&eacute;dical, l&rsquo;op&eacute;ration a touch&eacute; toutes les salles et laboratoires des structures de la sant&eacute;, particuli&egrave;rement l&rsquo;h&ocirc;pital central de M&eacute;tlili, les polycliniques et les salles de soin.<\/p>\n<blockquote>\n<p><em><strong>L&rsquo;objectif de cette action est de s&eacute;curiser la sant&eacute; des citoyens tout en assurant la s&eacute;curit&eacute; du corps m&eacute;dical et des employ&eacute;s administratifs, a expliqu&eacute; le charg&eacute; de communication de la protection civile de Gharda&iuml;a, Lahcen Seddiki.<\/strong><\/em><\/p>\n<\/blockquote>\n<p>L&rsquo;initiative a &eacute;t&eacute; appuy&eacute;e par des campagnes de sensibilisation sur le terrain men&eacute;es par des Imams et autres notables, pour inciter la population &agrave; se conformer aux mesures de confinement et consignes d&rsquo;hygi&egrave;ne personnelle et de d&eacute;sinfection et de st&eacute;rilisation des structures publiques.<\/p>\n<hr>\n<h3>Lire aussi:&nbsp;<a href=\"https:\/\/41.110.185.2\/proxy\/7da73205\/http\/www.aps.dz\/regions\/103768-ghardaia-le-confinement-sanitaire-salue-et-respecte-par-la-population\" target=\"_blank\" rel=\"noopener noreferrer\">Gharda&iuml;a: le confinement sanitaire salu&eacute; et respect&eacute; par la population<\/a><\/h3>\n<hr>\n<p>Les efforts de la cellule de crise et de veille de la wilaya sont centr&eacute;s sur le respect &agrave; travers l&rsquo;ensemble de la wilaya du confinement partiel et la restriction de la circulation, en application des d&eacute;cisions du Gouvernement.<\/p>\n<p>Ainsi une grande campagne de d&eacute;sinfection et de st&eacute;rilisation des voies et des places publiques, des si&egrave;ges administratifs, des locaux et habitations de toutes les localit&eacute;s et ksour, a &eacute;t&eacute; men&eacute;e &agrave; travers toute la wilaya de Gharda&iuml;a, dans le cadre des mesures pr&eacute;ventives contre la propagation du Covid-19.<\/p>\n<blockquote>\n<p><em><strong>Parall&egrave;lement aux op&eacute;rations de nettoiement, les habitants des ksour se sont mobilis&eacute;s b&eacute;n&eacute;volement pour tout traiter et tout d&eacute;sinfecter (rues et ruelles, sols, murs, poignets) dans chaque Ksar.<\/strong><\/em><\/p>\n<\/blockquote>\n<p>Ces actions de d&eacute;sinfection se poursuivent chaque jour pour englober les diff&eacute;rentes institutions, les tribunaux, les gares routi&egrave;res, les stations de bus, les mosqu&eacute;es et les places publiques se trouvant sur le territoire de la wilaya ainsi que les a&eacute;roports (Gharda&iuml;a et El-Menea).<\/p>\n<\/div>\n<\/div>\n<p>Auteur:<br \/>\n<a href=\"http:\/\/www.aps.dz\/regions\/103847-ghardaia-vaste-operation-de-desinfection-des-structures-de-sante-de-metlili\">Cliquez ici pour lire l&rsquo;article depuis sa source.<\/a><\/p>\n","protected":false},"excerpt":{"rendered":"<p>GHARDAIA &#8211; Une vaste op&eacute;ration de d&eacute;sinfection et de st&eacute;rilisation des diff&eacute;rentes structures de Sant&eacute; de M&eacute;tlili (45 km de Gharda&iuml;a) se poursuit mercredi, dans le cadre des mesures pr&eacute;ventives et proactives de lutte contre la propagation du nouveau coronavirus (Covid-19). Lanc&eacute;e mardi par les &eacute;l&eacute;ments de la Protection civile, en collaboration avec les services [&hellip;]<\/p>\n","protected":false},"author":1790,"featured_media":81592,"comment_status":"closed","ping_status":"closed","sticky":false,"template":"","format":"standard","meta":{"fifu_image_url":"","fifu_image_alt":"","footnotes":""},"categories":[53,76],"tags":[],"class_list":["post-81591","post","type-post","status-publish","format-standard","has-post-thumbnail","hentry","category-algerie","category-regions"],"_links":{"self":[{"href":"https:\/\/linitiative.ca\/International\/wp-json\/wp\/v2\/posts\/81591","targetHints":{"allow":["GET"]}}],"collection":[{"href":"https:\/\/linitiative.ca\/International\/wp-json\/wp\/v2\/posts"}],"about":[{"href":"https:\/\/linitiative.ca\/International\/wp-json\/wp\/v2\/types\/post"}],"author":[{"embeddable":true,"href":"https:\/\/linitiative.ca\/International\/wp-json\/wp\/v2\/users\/1790"}],"replies":[{"embeddable":true,"href":"https:\/\/linitiative.ca\/International\/wp-json\/wp\/v2\/comments?post=81591"}],"version-history":[{"count":0,"href":"https:\/\/linitiative.ca\/International\/wp-json\/wp\/v2\/posts\/81591\/revisions"}],"wp:featuredmedia":[{"embeddable":true,"href":"https:\/\/linitiative.ca\/International\/wp-json\/"}],"wp:attachment":[{"href":"https:\/\/linitiative.ca\/International\/wp-json\/wp\/v2\/media?parent=81591"}],"wp:term":[{"taxonomy":"category","embeddable":true,"href":"https:\/\/linitiative.ca\/International\/wp-json\/wp\/v2\/categories?post=81591"},{"taxonomy":"post_tag","embeddable":true,"href":"https:\/\/linitiative.ca\/International\/wp-json\/wp\/v2\/tags?post=81591"}],"curies":[{"name":"wp","href":"https:\/\/api.w.org\/{rel}","templated":true}]}}