{"id":81596,"date":"2020-04-08T13:21:09","date_gmt":"2020-04-08T17:21:09","guid":{"rendered":"https:\/\/linitiative.ca\/International\/bureaux-dhygiene-ait-taleb-sollicite-laftit\/"},"modified":"2020-04-08T13:21:09","modified_gmt":"2020-04-08T17:21:09","slug":"bureaux-dhygiene-ait-taleb-sollicite-laftit","status":"publish","type":"post","link":"https:\/\/linitiative.ca\/International\/bureaux-dhygiene-ait-taleb-sollicite-laftit\/","title":{"rendered":"Bureaux d\u2019hygi\u00e8ne:  Ait Taleb sollicite Laftit"},"content":{"rendered":"<div class=\"body\">\n<div class=\"field field-name-body field-type-text-with-summary field-label-hidden\">\n<div class=\"field-items\" readability=\"10\">\n<div class=\"field-item even\" property=\"content:encoded\" readability=\"15\">\n<p class=\"rtejustify\">Khalid Ait Taleb, ministre de la Sant\u00e9, a sollicit\u00e9 Abdelouafi Laftit sur les mesures lanc\u00e9es par les bureaux communaux d\u2019hygi\u00e8ne. L\u2019objectif est d\u2019am\u00e9liorer l\u2019efficacit\u00e9 de leur action. Parmi les propositions du d\u00e9\u00adpartement de la Sant\u00e9, le respect des proc\u00e9dures techniques de d\u00e9sinfection t\u00e9l\u00e9chargeable sur le site du minist\u00e8re. L\u2019id\u00e9e est aussi d\u2019\u00e9viter la d\u00e9sinfec\u00adtion par fumigation qui a montr\u00e9 son inefficacit\u00e9. Ces bureaux sont aussi appel\u00e9s \u00e0 jouer un r\u00f4le de sensibili\u00adsation des citoyens pour bannir cer\u00adtaines pratiques. Par exemple, l\u2019eau de Javel ne doit pas \u00eatre m\u00e9lang\u00e9e au vinaigre, ni \u00e0 l\u2019alcool.<br \/><em>M.A.M. <\/em><\/p>\n<\/div>\n<\/div>\n<\/div>\n<\/div>\n<div class=\"eco-conseil\">\n<div class=\"view view-eco-conseil-16 view-id-eco_conseil_16 view-display-id-cookies view-dom-id-1083843c0fd2bdcbe90d42715ba05d9d\">\n<div class=\"view-content\">\n<div id=\"views-bootstrap-grid-1\" class=\"views-bootstrap-grid-plugin-style\">\n<div class=\"row\">\n<div class=\" col-xs-12 col-lg-4\">\n<div class=\"row\">\n<div class=\"col col-xs-12 col-lg-12\">\n<div class=\"field-content\"><a href=\"\/article\/1060234-des-masques-gratuits-pour-les-habitants-du-nord\"><img loading=\"lazy\" decoding=\"async\" class=\"img-responsive\" typeof=\"foaf:Image\" src=\"https:\/\/www.leconomiste.com\/sites\/default\/files\/eco7\/public\/styles\/800x400\/public\/default_images\/default_une.jpg?itok=4jZlgnIZ\" width=\"660\" height=\"330\" alt=\"\"\/><\/a><\/div>\n<\/div>\n<div class=\" title_suite_2 col col-xs-12 col-lg-12\"> <a href=\"\/article\/1060234-des-masques-gratuits-pour-les-habitants-du-nord\"\/><span class=\"field-content\">Des masques gratuits pour les habitants du Nord<\/span><\/div>\n<\/div>\n<\/div>\n<div class=\" col-xs-12 col-lg-4\">\n<div class=\"row\">\n<div class=\"col col-xs-12 col-lg-12\">\n<div class=\"field-content\"><a href=\"\/article\/1060233-cite-de-l-innovation-de-marrakech-demarrage-apres-la-crise\"><img loading=\"lazy\" decoding=\"async\" class=\"img-responsive\" typeof=\"foaf:Image\" src=\"https:\/\/www.leconomiste.com\/sites\/default\/files\/eco7\/public\/styles\/800x400\/public\/default_images\/default_une.jpg?itok=4jZlgnIZ\" width=\"660\" height=\"330\" alt=\"\"\/><\/a><\/div>\n<\/div>\n<div class=\" title_suite_2 col col-xs-12 col-lg-12\"> <a href=\"\/article\/1060233-cite-de-l-innovation-de-marrakech-demarrage-apres-la-crise\"\/><span class=\"field-content\">Cit\u00e9 de l\u2019innovation de Marrakech: D\u00e9marrage apr\u00e8s la crise<\/span><\/div>\n<\/div>\n<\/div>\n<div class=\" col-xs-12 col-lg-4\">\n<div class=\"row\">\n<div class=\"col col-xs-12 col-lg-12\">\n<div class=\"field-content\"><a href=\"\/article\/1060232-decathlon-la-vente-des-masques-easybreath-bloquee-au-maroc-aussi\"><img loading=\"lazy\" decoding=\"async\" class=\"img-responsive\" typeof=\"foaf:Image\" src=\"https:\/\/www.leconomiste.com\/sites\/default\/files\/eco7\/public\/styles\/800x400\/public\/default_images\/default_une.jpg?itok=4jZlgnIZ\" width=\"660\" height=\"330\" alt=\"\"\/><\/a><\/div>\n<\/div>\n<div class=\" title_suite_2 col col-xs-12 col-lg-12\"> <a href=\"\/article\/1060232-decathlon-la-vente-des-masques-easybreath-bloquee-au-maroc-aussi\"\/><span class=\"field-content\">Decathlon: La vente des masques Easybreath bloqu\u00e9e au Maroc aussi<\/span><\/div>\n<\/div>\n<\/div>\n<\/div>\n<\/div>\n<\/div>\n<\/div>\n<\/div>\n<p>Auteur: hlafriqi<br \/>\n<a href=\"https:\/\/www.leconomiste.com\/article\/1060231-bureaux-d-hygiene-ait-taleb-sollicite-laftit\">Cliquez ici pour lire l&rsquo;article depuis sa source.<\/a><\/p>\n","protected":false},"excerpt":{"rendered":"<p>Khalid Ait Taleb, ministre de la Sant\u00e9, a sollicit\u00e9 Abdelouafi Laftit sur les mesures lanc\u00e9es par les bureaux communaux d\u2019hygi\u00e8ne. L\u2019objectif est d\u2019am\u00e9liorer l\u2019efficacit\u00e9 de leur action. Parmi les propositions du d\u00e9\u00adpartement de la Sant\u00e9, le respect des proc\u00e9dures techniques de d\u00e9sinfection t\u00e9l\u00e9chargeable sur le site du minist\u00e8re. L\u2019id\u00e9e est aussi d\u2019\u00e9viter la d\u00e9sinfec\u00adtion par [&hellip;]<\/p>\n","protected":false},"author":1763,"featured_media":0,"comment_status":"closed","ping_status":"closed","sticky":false,"template":"","format":"standard","meta":{"fifu_image_url":"","fifu_image_alt":"","footnotes":""},"categories":[78,54],"tags":[],"class_list":["post-81596","post","type-post","status-publish","format-standard","hentry","category-economie","category-maroc"],"_links":{"self":[{"href":"https:\/\/linitiative.ca\/International\/wp-json\/wp\/v2\/posts\/81596","targetHints":{"allow":["GET"]}}],"collection":[{"href":"https:\/\/linitiative.ca\/International\/wp-json\/wp\/v2\/posts"}],"about":[{"href":"https:\/\/linitiative.ca\/International\/wp-json\/wp\/v2\/types\/post"}],"author":[{"embeddable":true,"href":"https:\/\/linitiative.ca\/International\/wp-json\/wp\/v2\/users\/1763"}],"replies":[{"embeddable":true,"href":"https:\/\/linitiative.ca\/International\/wp-json\/wp\/v2\/comments?post=81596"}],"version-history":[{"count":0,"href":"https:\/\/linitiative.ca\/International\/wp-json\/wp\/v2\/posts\/81596\/revisions"}],"wp:attachment":[{"href":"https:\/\/linitiative.ca\/International\/wp-json\/wp\/v2\/media?parent=81596"}],"wp:term":[{"taxonomy":"category","embeddable":true,"href":"https:\/\/linitiative.ca\/International\/wp-json\/wp\/v2\/categories?post=81596"},{"taxonomy":"post_tag","embeddable":true,"href":"https:\/\/linitiative.ca\/International\/wp-json\/wp\/v2\/tags?post=81596"}],"curies":[{"name":"wp","href":"https:\/\/api.w.org\/{rel}","templated":true}]}}