{"id":81597,"date":"2020-04-08T13:22:14","date_gmt":"2020-04-08T17:22:14","guid":{"rendered":"https:\/\/linitiative.ca\/International\/decathlon-la-vente-des-masques-easybreath-bloquee-au-maroc-aussi\/"},"modified":"2020-04-08T13:22:14","modified_gmt":"2020-04-08T17:22:14","slug":"decathlon-la-vente-des-masques-easybreath-bloquee-au-maroc-aussi","status":"publish","type":"post","link":"https:\/\/linitiative.ca\/International\/decathlon-la-vente-des-masques-easybreath-bloquee-au-maroc-aussi\/","title":{"rendered":"Decathlon: La vente des masques Easybreath bloqu\u00e9e au Maroc aussi"},"content":{"rendered":"<div class=\"author\" readability=\"5.79310344828\">Par <a href=\"\/content\/ali-abjiou\"> Ali ABJIOU<\/a> <a href=\"\/node\/\"> <\/a> | Edition N\u00b0:5737 Le 09\/04\/2020 | Partager <\/div>\n<div class=\"body\">\n<div class=\"field field-name-body field-type-text-with-summary field-label-hidden\">\n<div class=\"field-items\" readability=\"8.5\">\n<div class=\"field-item even\" property=\"content:encoded\" readability=\"12\">\n<p class=\"rtejustify\">Decathlon a \u00e9largi cette semaine le blocage de ses masques de plong\u00e9e \u00abEasybreath\u00bb au Maroc. L\u2019objectif est de les r\u00e9server au personnel soignant et aux centres de recherche pour sa transformation en masque de protec\u00adtion pour les soignants. L\u2019initiative est partie d\u2019Italie, l\u2019un des pays les plus endeuill\u00e9s par la pand\u00e9mie. Des pho\u00adtos ont alors montr\u00e9 des praticiens habill\u00e9s avec ce masque adapt\u00e9. Son adaptation peut servir soit \u00e0 prot\u00e9ger le personnel soignant qui manque de masques m\u00e9dicaux, soit pour le mo\u00addifier et le brancher \u00e0 un respirateur.<br \/><em>A.A. <\/em><\/p>\n<\/div>\n<\/div>\n<\/div>\n<\/div>\n<div class=\"eco-conseil\">\n<div class=\"view view-eco-conseil-16 view-id-eco_conseil_16 view-display-id-cookies view-dom-id-f73e7a0becc452f18b0ba4a342d98aa9\">\n<div class=\"view-content\">\n<div id=\"views-bootstrap-grid-1\" class=\"views-bootstrap-grid-plugin-style\">\n<div class=\"row\">\n<div class=\" col-xs-12 col-lg-4\">\n<div class=\"row\">\n<div class=\"col col-xs-12 col-lg-12\">\n<div class=\"field-content\"><a href=\"\/article\/1060234-des-masques-gratuits-pour-les-habitants-du-nord\"><img loading=\"lazy\" decoding=\"async\" class=\"img-responsive\" typeof=\"foaf:Image\" src=\"https:\/\/www.leconomiste.com\/sites\/default\/files\/eco7\/public\/styles\/800x400\/public\/default_images\/default_une.jpg?itok=4jZlgnIZ\" width=\"660\" height=\"330\" alt=\"\"\/><\/a><\/div>\n<\/div>\n<div class=\" title_suite_2 col col-xs-12 col-lg-12\"> <a href=\"\/article\/1060234-des-masques-gratuits-pour-les-habitants-du-nord\"\/><span class=\"field-content\">Des masques gratuits pour les habitants du Nord<\/span><\/div>\n<\/div>\n<\/div>\n<div class=\" col-xs-12 col-lg-4\">\n<div class=\"row\">\n<div class=\"col col-xs-12 col-lg-12\">\n<div class=\"field-content\"><a href=\"\/article\/1060233-cite-de-l-innovation-de-marrakech-demarrage-apres-la-crise\"><img loading=\"lazy\" decoding=\"async\" class=\"img-responsive\" typeof=\"foaf:Image\" src=\"https:\/\/www.leconomiste.com\/sites\/default\/files\/eco7\/public\/styles\/800x400\/public\/default_images\/default_une.jpg?itok=4jZlgnIZ\" width=\"660\" height=\"330\" alt=\"\"\/><\/a><\/div>\n<\/div>\n<div class=\" title_suite_2 col col-xs-12 col-lg-12\"> <a href=\"\/article\/1060233-cite-de-l-innovation-de-marrakech-demarrage-apres-la-crise\"\/><span class=\"field-content\">Cit\u00e9 de l\u2019innovation de Marrakech: D\u00e9marrage apr\u00e8s la crise<\/span><\/div>\n<\/div>\n<\/div>\n<div class=\" col-xs-12 col-lg-4\">\n<div class=\"row\">\n<div class=\"col col-xs-12 col-lg-12\">\n<div class=\"field-content\"><a href=\"\/article\/1060231-bureaux-d-hygiene-ait-taleb-sollicite-laftit\"><img loading=\"lazy\" decoding=\"async\" class=\"img-responsive\" typeof=\"foaf:Image\" src=\"https:\/\/www.leconomiste.com\/sites\/default\/files\/eco7\/public\/styles\/800x400\/public\/default_images\/default_une.jpg?itok=4jZlgnIZ\" width=\"660\" height=\"330\" alt=\"\"\/><\/a><\/div>\n<\/div>\n<div class=\" title_suite_2 col col-xs-12 col-lg-12\"> <a href=\"\/article\/1060231-bureaux-d-hygiene-ait-taleb-sollicite-laftit\"\/><span class=\"field-content\">Bureaux d\u2019hygi\u00e8ne: Ait Taleb sollicite Laftit<\/span><\/div>\n<\/div>\n<\/div>\n<\/div>\n<\/div>\n<\/div>\n<\/div>\n<\/div>\n<p>Auteur: hlafriqi<br \/>\n<a href=\"https:\/\/www.leconomiste.com\/article\/1060232-decathlon-la-vente-des-masques-easybreath-bloquee-au-maroc-aussi\">Cliquez ici pour lire l&rsquo;article depuis sa source.<\/a><\/p>\n","protected":false},"excerpt":{"rendered":"<p>Par Ali ABJIOU | Edition N\u00b0:5737 Le 09\/04\/2020 | Partager Decathlon a \u00e9largi cette semaine le blocage de ses masques de plong\u00e9e \u00abEasybreath\u00bb au Maroc. L\u2019objectif est de les r\u00e9server au personnel soignant et aux centres de recherche pour sa transformation en masque de protec\u00adtion pour les soignants. L\u2019initiative est partie d\u2019Italie, l\u2019un des pays [&hellip;]<\/p>\n","protected":false},"author":1763,"featured_media":0,"comment_status":"closed","ping_status":"closed","sticky":false,"template":"","format":"standard","meta":{"fifu_image_url":"","fifu_image_alt":"","footnotes":""},"categories":[78,54],"tags":[],"class_list":["post-81597","post","type-post","status-publish","format-standard","hentry","category-economie","category-maroc"],"_links":{"self":[{"href":"https:\/\/linitiative.ca\/International\/wp-json\/wp\/v2\/posts\/81597","targetHints":{"allow":["GET"]}}],"collection":[{"href":"https:\/\/linitiative.ca\/International\/wp-json\/wp\/v2\/posts"}],"about":[{"href":"https:\/\/linitiative.ca\/International\/wp-json\/wp\/v2\/types\/post"}],"author":[{"embeddable":true,"href":"https:\/\/linitiative.ca\/International\/wp-json\/wp\/v2\/users\/1763"}],"replies":[{"embeddable":true,"href":"https:\/\/linitiative.ca\/International\/wp-json\/wp\/v2\/comments?post=81597"}],"version-history":[{"count":0,"href":"https:\/\/linitiative.ca\/International\/wp-json\/wp\/v2\/posts\/81597\/revisions"}],"wp:attachment":[{"href":"https:\/\/linitiative.ca\/International\/wp-json\/wp\/v2\/media?parent=81597"}],"wp:term":[{"taxonomy":"category","embeddable":true,"href":"https:\/\/linitiative.ca\/International\/wp-json\/wp\/v2\/categories?post=81597"},{"taxonomy":"post_tag","embeddable":true,"href":"https:\/\/linitiative.ca\/International\/wp-json\/wp\/v2\/tags?post=81597"}],"curies":[{"name":"wp","href":"https:\/\/api.w.org\/{rel}","templated":true}]}}