{"id":81598,"date":"2020-04-08T13:23:03","date_gmt":"2020-04-08T17:23:03","guid":{"rendered":"https:\/\/linitiative.ca\/International\/cite-de-linnovation-de-marrakech-demarrage-apres-la-crise\/"},"modified":"2020-04-08T13:23:03","modified_gmt":"2020-04-08T17:23:03","slug":"cite-de-linnovation-de-marrakech-demarrage-apres-la-crise","status":"publish","type":"post","link":"https:\/\/linitiative.ca\/International\/cite-de-linnovation-de-marrakech-demarrage-apres-la-crise\/","title":{"rendered":"Cit\u00e9 de l\u2019innovation de Marrakech: D\u00e9marrage apr\u00e8s la crise"},"content":{"rendered":"<div class=\"author\" readability=\"5.69491525424\">Par <a href=\"\/content\/ahlam-nazih\"> Ahlam NAZIH<\/a> <a href=\"\/node\/\"> <\/a> | Edition N\u00b0:5737 Le 09\/04\/2020 | Partager <\/div>\n<div class=\"body\">\n<div class=\"field field-name-body field-type-text-with-summary field-label-hidden\">\n<div class=\"field-items\" readability=\"8\">\n<div class=\"field-item even\" property=\"content:encoded\" readability=\"11\">\n<p>La cit\u00e9 de l\u2019innovation de l\u2019univer\u00adsit\u00e9 de Marrakech \u00e9tait en pleine ins\u00adtallation de son mat\u00e9riel au moment du d\u00e9clenchement de la crise du Co\u00advid-19. Avec le confinement, l\u2019op\u00e9\u00adration a \u00e9t\u00e9 mise en suspens. L\u2019uni\u00adversit\u00e9 pr\u00e9voit de d\u00e9marrer la cit\u00e9 au plus tard deux mois apr\u00e8s la sortie de crise.<br \/><em>A.Na <\/em><\/p>\n<\/div>\n<\/div>\n<\/div>\n<\/div>\n<div class=\"eco-conseil\">\n<div class=\"view view-eco-conseil-16 view-id-eco_conseil_16 view-display-id-cookies view-dom-id-77af4ffa3eb3d0139569f450efcc4979\">\n<div class=\"view-content\">\n<div id=\"views-bootstrap-grid-1\" class=\"views-bootstrap-grid-plugin-style\">\n<div class=\"row\">\n<div class=\" col-xs-12 col-lg-4\">\n<div class=\"row\">\n<div class=\"col col-xs-12 col-lg-12\">\n<div class=\"field-content\"><a href=\"\/article\/1060234-des-masques-gratuits-pour-les-habitants-du-nord\"><img loading=\"lazy\" decoding=\"async\" class=\"img-responsive\" typeof=\"foaf:Image\" src=\"https:\/\/www.leconomiste.com\/sites\/default\/files\/eco7\/public\/styles\/800x400\/public\/default_images\/default_une.jpg?itok=4jZlgnIZ\" width=\"660\" height=\"330\" alt=\"\"\/><\/a><\/div>\n<\/div>\n<div class=\" title_suite_2 col col-xs-12 col-lg-12\"> <a href=\"\/article\/1060234-des-masques-gratuits-pour-les-habitants-du-nord\"\/><span class=\"field-content\">Des masques gratuits pour les habitants du Nord<\/span><\/div>\n<\/div>\n<\/div>\n<div class=\" col-xs-12 col-lg-4\">\n<div class=\"row\">\n<div class=\"col col-xs-12 col-lg-12\">\n<div class=\"field-content\"><a href=\"\/article\/1060232-decathlon-la-vente-des-masques-easybreath-bloquee-au-maroc-aussi\"><img loading=\"lazy\" decoding=\"async\" class=\"img-responsive\" typeof=\"foaf:Image\" src=\"https:\/\/www.leconomiste.com\/sites\/default\/files\/eco7\/public\/styles\/800x400\/public\/default_images\/default_une.jpg?itok=4jZlgnIZ\" width=\"660\" height=\"330\" alt=\"\"\/><\/a><\/div>\n<\/div>\n<div class=\" title_suite_2 col col-xs-12 col-lg-12\"> <a href=\"\/article\/1060232-decathlon-la-vente-des-masques-easybreath-bloquee-au-maroc-aussi\"\/><span class=\"field-content\">Decathlon: La vente des masques Easybreath bloqu\u00e9e au Maroc aussi<\/span><\/div>\n<\/div>\n<\/div>\n<div class=\" col-xs-12 col-lg-4\">\n<div class=\"row\">\n<div class=\"col col-xs-12 col-lg-12\">\n<div class=\"field-content\"><a href=\"\/article\/1060231-bureaux-d-hygiene-ait-taleb-sollicite-laftit\"><img loading=\"lazy\" decoding=\"async\" class=\"img-responsive\" typeof=\"foaf:Image\" src=\"https:\/\/www.leconomiste.com\/sites\/default\/files\/eco7\/public\/styles\/800x400\/public\/default_images\/default_une.jpg?itok=4jZlgnIZ\" width=\"660\" height=\"330\" alt=\"\"\/><\/a><\/div>\n<\/div>\n<div class=\" title_suite_2 col col-xs-12 col-lg-12\"> <a href=\"\/article\/1060231-bureaux-d-hygiene-ait-taleb-sollicite-laftit\"\/><span class=\"field-content\">Bureaux d\u2019hygi\u00e8ne: Ait Taleb sollicite Laftit<\/span><\/div>\n<\/div>\n<\/div>\n<\/div>\n<\/div>\n<\/div>\n<\/div>\n<\/div>\n<p>Auteur: hlafriqi<br \/>\n<a href=\"https:\/\/www.leconomiste.com\/article\/1060233-cite-de-l-innovation-de-marrakech-demarrage-apres-la-crise\">Cliquez ici pour lire l&rsquo;article depuis sa source.<\/a><\/p>\n","protected":false},"excerpt":{"rendered":"<p>Par Ahlam NAZIH | Edition N\u00b0:5737 Le 09\/04\/2020 | Partager La cit\u00e9 de l\u2019innovation de l\u2019univer\u00adsit\u00e9 de Marrakech \u00e9tait en pleine ins\u00adtallation de son mat\u00e9riel au moment du d\u00e9clenchement de la crise du Co\u00advid-19. Avec le confinement, l\u2019op\u00e9\u00adration a \u00e9t\u00e9 mise en suspens. L\u2019uni\u00adversit\u00e9 pr\u00e9voit de d\u00e9marrer la cit\u00e9 au plus tard deux mois apr\u00e8s [&hellip;]<\/p>\n","protected":false},"author":1763,"featured_media":0,"comment_status":"closed","ping_status":"closed","sticky":false,"template":"","format":"standard","meta":{"fifu_image_url":"","fifu_image_alt":"","footnotes":""},"categories":[78,54],"tags":[],"class_list":["post-81598","post","type-post","status-publish","format-standard","hentry","category-economie","category-maroc"],"_links":{"self":[{"href":"https:\/\/linitiative.ca\/International\/wp-json\/wp\/v2\/posts\/81598","targetHints":{"allow":["GET"]}}],"collection":[{"href":"https:\/\/linitiative.ca\/International\/wp-json\/wp\/v2\/posts"}],"about":[{"href":"https:\/\/linitiative.ca\/International\/wp-json\/wp\/v2\/types\/post"}],"author":[{"embeddable":true,"href":"https:\/\/linitiative.ca\/International\/wp-json\/wp\/v2\/users\/1763"}],"replies":[{"embeddable":true,"href":"https:\/\/linitiative.ca\/International\/wp-json\/wp\/v2\/comments?post=81598"}],"version-history":[{"count":0,"href":"https:\/\/linitiative.ca\/International\/wp-json\/wp\/v2\/posts\/81598\/revisions"}],"wp:attachment":[{"href":"https:\/\/linitiative.ca\/International\/wp-json\/wp\/v2\/media?parent=81598"}],"wp:term":[{"taxonomy":"category","embeddable":true,"href":"https:\/\/linitiative.ca\/International\/wp-json\/wp\/v2\/categories?post=81598"},{"taxonomy":"post_tag","embeddable":true,"href":"https:\/\/linitiative.ca\/International\/wp-json\/wp\/v2\/tags?post=81598"}],"curies":[{"name":"wp","href":"https:\/\/api.w.org\/{rel}","templated":true}]}}