{"id":81599,"date":"2020-04-08T13:24:39","date_gmt":"2020-04-08T17:24:39","guid":{"rendered":"https:\/\/linitiative.ca\/International\/des-masques-gratuits-pour-les-habitants-du-nord\/"},"modified":"2020-04-08T13:24:39","modified_gmt":"2020-04-08T17:24:39","slug":"des-masques-gratuits-pour-les-habitants-du-nord","status":"publish","type":"post","link":"https:\/\/linitiative.ca\/International\/des-masques-gratuits-pour-les-habitants-du-nord\/","title":{"rendered":"Des masques gratuits pour les habitants du Nord"},"content":{"rendered":"<div class=\"author\" readability=\"5.79310344828\">Par <a href=\"\/content\/ali-abjiou\"> Ali ABJIOU<\/a> <a href=\"\/node\/\"> <\/a> | Edition N\u00b0:5737 Le 09\/04\/2020 | Partager <\/div>\n<div class=\"body\">\n<div class=\"field field-name-body field-type-text-with-summary field-label-hidden\">\n<div class=\"field-items\" readability=\"9\">\n<div class=\"field-item even\" property=\"content:encoded\" readability=\"13\">\n<p class=\"rtejustify\">L\u2019Amith, l\u2019Amith-Nord et la Chambre de commerce de Tanger-T\u00e9\u00adtouan-Al Hoce\u00efma font front commun contre le coronavirus. Ils viennent d\u2019annoncer leur volont\u00e9 de mettre \u00e0 la disposition des habitants du nord 4 millions de masques au courant de ce mois d\u2019avril. Pour y arriver, les op\u00e9\u00adrateurs du secteur dans le nord reou\u00advriront quelques unit\u00e9s de confection, dans le respect total des conditions d\u2019hygi\u00e8ne et de s\u00e9curit\u00e9 pour la fabri\u00adcation de ces masques. Ils seront dis\u00adtribu\u00e9s gratuitement en concertation avec les autorit\u00e9s locales.<br \/><em>A.A<\/em><\/p>\n<p class=\"rtejustify\">\u00a0<\/p>\n<\/div>\n<\/div>\n<\/div>\n<\/div>\n<div class=\"eco-conseil\">\n<div class=\"view view-eco-conseil-16 view-id-eco_conseil_16 view-display-id-cookies view-dom-id-bced1590bc3799e33cd9f81c776e6c57\">\n<div class=\"view-content\">\n<div id=\"views-bootstrap-grid-1\" class=\"views-bootstrap-grid-plugin-style\">\n<div class=\"row\">\n<div class=\" col-xs-12 col-lg-4\">\n<div class=\"row\">\n<div class=\"col col-xs-12 col-lg-12\">\n<div class=\"field-content\"><a href=\"\/article\/1060233-cite-de-l-innovation-de-marrakech-demarrage-apres-la-crise\"><img loading=\"lazy\" decoding=\"async\" class=\"img-responsive\" typeof=\"foaf:Image\" src=\"https:\/\/www.leconomiste.com\/sites\/default\/files\/eco7\/public\/styles\/800x400\/public\/default_images\/default_une.jpg?itok=4jZlgnIZ\" width=\"660\" height=\"330\" alt=\"\"\/><\/a><\/div>\n<\/div>\n<div class=\" title_suite_2 col col-xs-12 col-lg-12\"> <a href=\"\/article\/1060233-cite-de-l-innovation-de-marrakech-demarrage-apres-la-crise\"\/><span class=\"field-content\">Cit\u00e9 de l\u2019innovation de Marrakech: D\u00e9marrage apr\u00e8s la crise<\/span><\/div>\n<\/div>\n<\/div>\n<div class=\" col-xs-12 col-lg-4\">\n<div class=\"row\">\n<div class=\"col col-xs-12 col-lg-12\">\n<div class=\"field-content\"><a href=\"\/article\/1060232-decathlon-la-vente-des-masques-easybreath-bloquee-au-maroc-aussi\"><img loading=\"lazy\" decoding=\"async\" class=\"img-responsive\" typeof=\"foaf:Image\" src=\"https:\/\/www.leconomiste.com\/sites\/default\/files\/eco7\/public\/styles\/800x400\/public\/default_images\/default_une.jpg?itok=4jZlgnIZ\" width=\"660\" height=\"330\" alt=\"\"\/><\/a><\/div>\n<\/div>\n<div class=\" title_suite_2 col col-xs-12 col-lg-12\"> <a href=\"\/article\/1060232-decathlon-la-vente-des-masques-easybreath-bloquee-au-maroc-aussi\"\/><span class=\"field-content\">Decathlon: La vente des masques Easybreath bloqu\u00e9e au Maroc aussi<\/span><\/div>\n<\/div>\n<\/div>\n<div class=\" col-xs-12 col-lg-4\">\n<div class=\"row\">\n<div class=\"col col-xs-12 col-lg-12\">\n<div class=\"field-content\"><a href=\"\/article\/1060231-bureaux-d-hygiene-ait-taleb-sollicite-laftit\"><img loading=\"lazy\" decoding=\"async\" class=\"img-responsive\" typeof=\"foaf:Image\" src=\"https:\/\/www.leconomiste.com\/sites\/default\/files\/eco7\/public\/styles\/800x400\/public\/default_images\/default_une.jpg?itok=4jZlgnIZ\" width=\"660\" height=\"330\" alt=\"\"\/><\/a><\/div>\n<\/div>\n<div class=\" title_suite_2 col col-xs-12 col-lg-12\"> <a href=\"\/article\/1060231-bureaux-d-hygiene-ait-taleb-sollicite-laftit\"\/><span class=\"field-content\">Bureaux d\u2019hygi\u00e8ne: Ait Taleb sollicite Laftit<\/span><\/div>\n<\/div>\n<\/div>\n<\/div>\n<\/div>\n<\/div>\n<\/div>\n<\/div>\n<p>Auteur: hlafriqi<br \/>\n<a href=\"https:\/\/www.leconomiste.com\/article\/1060234-des-masques-gratuits-pour-les-habitants-du-nord\">Cliquez ici pour lire l&rsquo;article depuis sa source.<\/a><\/p>\n","protected":false},"excerpt":{"rendered":"<p>Par Ali ABJIOU | Edition N\u00b0:5737 Le 09\/04\/2020 | Partager L\u2019Amith, l\u2019Amith-Nord et la Chambre de commerce de Tanger-T\u00e9\u00adtouan-Al Hoce\u00efma font front commun contre le coronavirus. Ils viennent d\u2019annoncer leur volont\u00e9 de mettre \u00e0 la disposition des habitants du nord 4 millions de masques au courant de ce mois d\u2019avril. Pour y arriver, les op\u00e9\u00adrateurs [&hellip;]<\/p>\n","protected":false},"author":1763,"featured_media":0,"comment_status":"closed","ping_status":"closed","sticky":false,"template":"","format":"standard","meta":{"fifu_image_url":"","fifu_image_alt":"","footnotes":""},"categories":[78,54],"tags":[],"class_list":["post-81599","post","type-post","status-publish","format-standard","hentry","category-economie","category-maroc"],"_links":{"self":[{"href":"https:\/\/linitiative.ca\/International\/wp-json\/wp\/v2\/posts\/81599","targetHints":{"allow":["GET"]}}],"collection":[{"href":"https:\/\/linitiative.ca\/International\/wp-json\/wp\/v2\/posts"}],"about":[{"href":"https:\/\/linitiative.ca\/International\/wp-json\/wp\/v2\/types\/post"}],"author":[{"embeddable":true,"href":"https:\/\/linitiative.ca\/International\/wp-json\/wp\/v2\/users\/1763"}],"replies":[{"embeddable":true,"href":"https:\/\/linitiative.ca\/International\/wp-json\/wp\/v2\/comments?post=81599"}],"version-history":[{"count":0,"href":"https:\/\/linitiative.ca\/International\/wp-json\/wp\/v2\/posts\/81599\/revisions"}],"wp:attachment":[{"href":"https:\/\/linitiative.ca\/International\/wp-json\/wp\/v2\/media?parent=81599"}],"wp:term":[{"taxonomy":"category","embeddable":true,"href":"https:\/\/linitiative.ca\/International\/wp-json\/wp\/v2\/categories?post=81599"},{"taxonomy":"post_tag","embeddable":true,"href":"https:\/\/linitiative.ca\/International\/wp-json\/wp\/v2\/tags?post=81599"}],"curies":[{"name":"wp","href":"https:\/\/api.w.org\/{rel}","templated":true}]}}