{"id":81602,"date":"2020-04-07T19:32:00","date_gmt":"2020-04-07T23:32:00","guid":{"rendered":"https:\/\/linitiative.ca\/International\/les-detenues-de-la-prison-de-manouba-confectionnent-des-masques\/"},"modified":"2020-04-07T19:32:00","modified_gmt":"2020-04-07T23:32:00","slug":"les-detenues-de-la-prison-de-manouba-confectionnent-des-masques","status":"publish","type":"post","link":"https:\/\/linitiative.ca\/International\/les-detenues-de-la-prison-de-manouba-confectionnent-des-masques\/","title":{"rendered":"Les d\u00e9tenues de la prison de Manouba confectionnent des masques"},"content":{"rendered":"<p><strong><em>L&rsquo;atelier de confection de la prison civile des femmes de la Manouba a entam\u00e9 lundi la production de masques de protection pour le compte du minist\u00e8re de la sant\u00e9 conform\u00e9ment aux crit\u00e8res et normes sanitaires exig\u00e9s.<\/em><\/strong><\/p>\n<p><strong><em>Il est question pour ledit atelier de produire plus de 800 masques, apr\u00e8s avoir d\u00e9j\u00e0 fourni plus de 4000 masques pour les cadres et agents des unit\u00e9s carc\u00e9rales.<\/em><\/strong><\/p>\n<p>La capacit\u00e9 de production quotidienne de cet atelier carc\u00e9ral de confection passera de 750 \u00e0 plus de 1500 par jour. La production portera \u00e9galement sur les combinaisons m\u00e9dicales et les casques de protection, avec l&rsquo;appui de la Direction G\u00e9n\u00e9rale des Prisons et de la R\u00e9\u00e9ducation (DGPR) et l&rsquo;administration de la Prison de la Manouba.<\/p>\n<p>L&rsquo;effectif de l&rsquo;atelier sera doubl\u00e9 pour produire le plus grand nombre de masques de protection et r\u00e9pondre ainsi au besoin national dans ce domaine dans la perspective de mettre le produit \u00e0 la disposition des diff\u00e9rents corps qui doivent se prot\u00e9ger de la pand\u00e9mie du Covid-19.<\/p>\n<p>Le porte-parole de la DGPR, Sofiane Mezghiche a pr\u00e9cis\u00e9 que 30 d\u00e9tenues ont commenc\u00e9 \u00e0 confectionner en continue des masques de protection depuis le mois de mars pour le compte de la direction avant d&rsquo;entamer une nouvelle exp\u00e9rience de production en faveur du minist\u00e8re de l&rsquo;Int\u00e9rieur.<\/p>\n<p>\u00ab\u00a0La DGPR a g\u00e9n\u00e9ralis\u00e9 l&rsquo;exp\u00e9rience des ateliers de confection des masques r\u00e9utilisables sur sept unit\u00e9s carc\u00e9rales dont l&rsquo;unit\u00e9 de Mornaguia (gouvernorat de Manouba), de Mahdia, de Borj Erroumi (gouvernorat de Bizerte), de Messadine (gouvernorat de Sousse), de Jendouba, en attendant le d\u00e9marrage de la production dans l&rsquo;atelier de prison de Borj El Amri (gouvernorat de la Manouba) \u00a0\u00bb a indiqu\u00e9 Mezghiche.<\/p>\n<p>Le responsable a fait savoir dans ce sens que les diff\u00e9rents ateliers ont produit jusqu&rsquo;\u00e0 pr\u00e9sent produit 21200 masques de protection, en attendant de doubler la quantit\u00e9 dans les prochains jours.<\/p>\n<p>Les ministres de la Justice et de la sant\u00e9, respectivement Thouraya J\u00e9ribi et Abdellatif Mekki ainsi que le directeur g\u00e9n\u00e9ral de la DGPR Ily\u00e9s Zallek et la gouverneure de la Manouba, ont effectu\u00e9 hier une visite \u00e0 la prison Civile des femmes de Manouba pour prendre connaissance de l&rsquo;\u00e9tat d&rsquo;avancement de la production au sein de l&rsquo;atelier de confection de masques de protection et de ses capacit\u00e9s logistiques.<\/p>\n<p>Les deux ministres ont mis en valeur les efforts d\u00e9ploy\u00e9s par les cadres et agents des unit\u00e9s carc\u00e9rales pour imposer le respect des diff\u00e9rentes mesures pr\u00e9ventives du Covid-19.<\/p>\n<p>Ils ont \u00e9galement salu\u00e9 les efforts consentis par les d\u00e9tenues de la prison Civile de Manouba dans le cadre de la mobilisation nationale visant \u00e0 palier le manque enregistr\u00e9 au niveau des \u00e9quipements m\u00e9dicaux.<\/p>\n<p>Auteur: letemps1<br \/>\n<a href=\"http:\/\/www.letemps.com.tn\/article\/112559\/les-d%C3%A9tenues-de-la-prison-de-manouba-confectionnent-des-masques\">Cliquez ici pour lire l&rsquo;article depuis sa source.<\/a><\/p>\n","protected":false},"excerpt":{"rendered":"<p>L&rsquo;atelier de confection de la prison civile des femmes de la Manouba a entam\u00e9 lundi la production de masques de protection pour le compte du minist\u00e8re de la sant\u00e9 conform\u00e9ment aux crit\u00e8res et normes sanitaires exig\u00e9s. Il est question pour ledit atelier de produire plus de 800 masques, apr\u00e8s avoir d\u00e9j\u00e0 fourni plus de 4000 [&hellip;]<\/p>\n","protected":false},"author":1773,"featured_media":0,"comment_status":"closed","ping_status":"closed","sticky":false,"template":"","format":"standard","meta":{"fifu_image_url":"","fifu_image_alt":"","footnotes":""},"categories":[73,55],"tags":[],"class_list":["post-81602","post","type-post","status-publish","format-standard","hentry","category-actualite","category-tunisie"],"_links":{"self":[{"href":"https:\/\/linitiative.ca\/International\/wp-json\/wp\/v2\/posts\/81602","targetHints":{"allow":["GET"]}}],"collection":[{"href":"https:\/\/linitiative.ca\/International\/wp-json\/wp\/v2\/posts"}],"about":[{"href":"https:\/\/linitiative.ca\/International\/wp-json\/wp\/v2\/types\/post"}],"author":[{"embeddable":true,"href":"https:\/\/linitiative.ca\/International\/wp-json\/wp\/v2\/users\/1773"}],"replies":[{"embeddable":true,"href":"https:\/\/linitiative.ca\/International\/wp-json\/wp\/v2\/comments?post=81602"}],"version-history":[{"count":0,"href":"https:\/\/linitiative.ca\/International\/wp-json\/wp\/v2\/posts\/81602\/revisions"}],"wp:attachment":[{"href":"https:\/\/linitiative.ca\/International\/wp-json\/wp\/v2\/media?parent=81602"}],"wp:term":[{"taxonomy":"category","embeddable":true,"href":"https:\/\/linitiative.ca\/International\/wp-json\/wp\/v2\/categories?post=81602"},{"taxonomy":"post_tag","embeddable":true,"href":"https:\/\/linitiative.ca\/International\/wp-json\/wp\/v2\/tags?post=81602"}],"curies":[{"name":"wp","href":"https:\/\/api.w.org\/{rel}","templated":true}]}}