{"id":81603,"date":"2020-04-07T19:32:00","date_gmt":"2020-04-07T23:32:00","guid":{"rendered":"https:\/\/linitiative.ca\/International\/gare-aux-contrevenants-au-confinement\/"},"modified":"2020-04-07T19:32:00","modified_gmt":"2020-04-07T23:32:00","slug":"gare-aux-contrevenants-au-confinement","status":"publish","type":"post","link":"https:\/\/linitiative.ca\/International\/gare-aux-contrevenants-au-confinement\/","title":{"rendered":"Gare aux contrevenants au confinement !"},"content":{"rendered":"<p>Le ministre de l&rsquo;Int\u00e9rieur Hichem M\u00e9chichi a d\u00e9clar\u00e9 que la loi sera d\u00e9sormais appliqu\u00e9e dans toute sa rigueur contre tous ceux qui ne se conforment pas aux r\u00e8gles du confinement sanitaire et du couvre-feu.<\/p>\n<p>S&rsquo;exprimant mardi au cours d&rsquo;une conf\u00e9rence de presse conjointe avec le ministre de la sant\u00e9 \u00e0 la Kasbah pour faire le point sur la situation sanitaire dans le pays, M\u00e9chichi a indiqu\u00e9 que le nombre des arrestations pour non-respect du confinement sanitaire total a atteint les 600 et que 70 personnes ont \u00e9t\u00e9 assign\u00e9es \u00e0 r\u00e9sidence.<\/p>\n<p>Le minist\u00e8re passera \u00e0 la r\u00e9pression pour faire respecter les consignes, a-t-il martel\u00e9, tenant toutefois \u00e0 pr\u00e9ciser que le but n&rsquo;\u00e9tant pas de restreindre les libert\u00e9s mais de pr\u00e9server ce qui a \u00e9t\u00e9 accompli jusque-l\u00e0 pour faire face \u00e0 la propagation du coronavirus.<\/p>\n<p>Il a qualifi\u00e9 de grave la situation \u00e9pid\u00e9mique en Tunisie. En cas o\u00f9 cette situation n&rsquo;est pas ma\u00eetris\u00e9e, la Tunisie risquerait d&rsquo;entrer dans une \u00e9tape dangereuse o\u00f9 il y aura des gens qui tombent morts devant les h\u00f4pitaux et o\u00f9 les soignants auront \u00e0 choisir parmi les patients \u00e0 sauver.<\/p>\n<p>Toute personne qui transmet d\u00e9lib\u00e9r\u00e9ment le virus en se comportant de mani\u00e8re irresponsable et nonchalante sera d\u00e9sormais poursuivie en justice sur la base des dispositions du code p\u00e9nal, pour homicide involontaire, a mis en garde le ministre.<\/p>\n<p>Il a tir\u00e9 le signal d&rsquo;alarme sur l&rsquo;insouciance de certains citoyens non autoris\u00e9s \u00e0 se d\u00e9placer et qui continuent \u00e0 circuler en faisant fi aux consignes pr\u00e9ventives.<\/p>\n<p>Le respect des mesures du confinement total observ\u00e9 au d\u00e9but avait permis au pays de contenir la propagation du virus, a-t-il fait observer.<\/p>\n<p>Auteur: letemps1<br \/>\n<a href=\"http:\/\/www.letemps.com.tn\/article\/112560\/gare-aux-contrevenants-au-confinement\">Cliquez ici pour lire l&rsquo;article depuis sa source.<\/a><\/p>\n","protected":false},"excerpt":{"rendered":"<p>Le ministre de l&rsquo;Int\u00e9rieur Hichem M\u00e9chichi a d\u00e9clar\u00e9 que la loi sera d\u00e9sormais appliqu\u00e9e dans toute sa rigueur contre tous ceux qui ne se conforment pas aux r\u00e8gles du confinement sanitaire et du couvre-feu. S&rsquo;exprimant mardi au cours d&rsquo;une conf\u00e9rence de presse conjointe avec le ministre de la sant\u00e9 \u00e0 la Kasbah pour faire le [&hellip;]<\/p>\n","protected":false},"author":1773,"featured_media":0,"comment_status":"closed","ping_status":"closed","sticky":false,"template":"","format":"standard","meta":{"fifu_image_url":"","fifu_image_alt":"","footnotes":""},"categories":[73,55],"tags":[],"class_list":["post-81603","post","type-post","status-publish","format-standard","hentry","category-actualite","category-tunisie"],"_links":{"self":[{"href":"https:\/\/linitiative.ca\/International\/wp-json\/wp\/v2\/posts\/81603","targetHints":{"allow":["GET"]}}],"collection":[{"href":"https:\/\/linitiative.ca\/International\/wp-json\/wp\/v2\/posts"}],"about":[{"href":"https:\/\/linitiative.ca\/International\/wp-json\/wp\/v2\/types\/post"}],"author":[{"embeddable":true,"href":"https:\/\/linitiative.ca\/International\/wp-json\/wp\/v2\/users\/1773"}],"replies":[{"embeddable":true,"href":"https:\/\/linitiative.ca\/International\/wp-json\/wp\/v2\/comments?post=81603"}],"version-history":[{"count":0,"href":"https:\/\/linitiative.ca\/International\/wp-json\/wp\/v2\/posts\/81603\/revisions"}],"wp:attachment":[{"href":"https:\/\/linitiative.ca\/International\/wp-json\/wp\/v2\/media?parent=81603"}],"wp:term":[{"taxonomy":"category","embeddable":true,"href":"https:\/\/linitiative.ca\/International\/wp-json\/wp\/v2\/categories?post=81603"},{"taxonomy":"post_tag","embeddable":true,"href":"https:\/\/linitiative.ca\/International\/wp-json\/wp\/v2\/tags?post=81603"}],"curies":[{"name":"wp","href":"https:\/\/api.w.org\/{rel}","templated":true}]}}