{"id":81604,"date":"2020-04-07T19:32:00","date_gmt":"2020-04-07T23:32:00","guid":{"rendered":"https:\/\/linitiative.ca\/International\/1348-tonnes-de-semoule-deja-distribuees\/"},"modified":"2020-04-07T19:32:00","modified_gmt":"2020-04-07T23:32:00","slug":"1348-tonnes-de-semoule-deja-distribuees","status":"publish","type":"post","link":"https:\/\/linitiative.ca\/International\/1348-tonnes-de-semoule-deja-distribuees\/","title":{"rendered":"1348 tonnes de semoule d\u00e9j\u00e0 distribu\u00e9es"},"content":{"rendered":"<p>La distribution d\u2019importantes quantit\u00e9s de semoule aux commer\u00e7ants de d\u00e9tail se poursuit dans toutes les d\u00e9l\u00e9gations du gouvernorat de Kairouan.\u00a0 En effet 1348 Tonnes de ce produit de base ont \u00e9t\u00e9 jusque-l\u00e0 distribu\u00e9es dans la transparence, en pr\u00e9sence des autorit\u00e9s r\u00e9gionales et locales, des repr\u00e9sentants de l\u2019UTICA et de la direction r\u00e9gionale du commerce.<\/p>\n<p>Quatre cent tonnes sont attendues dans les prochains jours. Celles-ci seront distribu\u00e9es plus particuli\u00e8rement aux familles rurales dans les diff\u00e9rentes r\u00e9gions du gouvernorat.<\/p>\n<p><strong>Un total de 5 cas contamin\u00e9s<\/strong><\/p>\n<p>Les derniers tests effectu\u00e9s sur les deux premi\u00e8res personnes suspectes dans la r\u00e9gion (un cas import\u00e9 et un autre local), plac\u00e9es depuis une vingtaine de jours en auto-isolement ont, selon le directeur r\u00e9gional de la sant\u00e9, confirm\u00e9 leur contamination : ce qui a n\u00e9cessit\u00e9 leur transport hier au centre d\u2019isolement obligatoire de Monastir. Quant au nombre de personnes plac\u00e9es en auto-isolement il est de 245 cas contre 65 cas en plac\u00e9s en isolement obligatoire.\u00a0\u00a0\u00a0\u00a0\u00a0\u00a0\u00a0\u00a0\u00a0\u00a0\u00a0\u00a0\u00a0\u00a0\u00a0\u00a0\u00a0\u00a0\u00a0\u00a0\u00a0\u00a0\u00a0\u00a0\u00a0\u00a0\u00a0\u00a0\u00a0\u00a0\u00a0\u00a0\u00a0\u00a0\u00a0\u00a0\u00a0\u00a0\u00a0\u00a0\u00a0\u00a0\u00a0\u00a0\u00a0\u00a0\u00a0\u00a0\u00a0\u00a0\u00a0\u00a0\u00a0\u00a0\u00a0\u00a0\u00a0\u00a0\u00a0\u00a0\u00a0\u00a0\u00a0\u00a0\u00a0\u00a0\u00a0\u00a0\u00a0\u00a0\u00a0\u00a0\u00a0\u00a0\u00a0\u00a0\u00a0\u00a0\u00a0\u00a0\u00a0\u00a0\u00a0\u00a0\u00a0\u00a0\u00a0\u00a0\u00a0\u00a0\u00a0\u00a0\u00a0\u00a0\u00a0\u00a0\u00a0\u00a0\u00a0\u00a0\u00a0\u00a0\u00a0\u00a0\u00a0\u00a0\u00a0\u00a0\u00a0\u00a0\u00a0\u00a0\u00a0\u00a0\u00a0\u00a0\u00a0\u00a0\u00a0\u00a0\u00a0\u00a0\u00a0\u00a0\u00a0\u00a0\u00a0\u00a0\u00a0\u00a0\u00a0\u00a0\u00a0\u00a0\u00a0\u00a0\u00a0\u00a0\u00a0\u00a0\u00a0\u00a0\u00a0\u00a0\u00a0\u00a0\u00a0\u00a0\u00a0\u00a0\u00a0\u00a0\u00a0<\/p>\n<p class=\"c2\"><strong>Neji KHAMMARI<\/strong><\/p>\n<p>Auteur: letemps1<br \/>\n<a href=\"http:\/\/www.letemps.com.tn\/article\/112561\/1348-tonnes-de-semoule-d%C3%A9j%C3%A0-distribu%C3%A9es\">Cliquez ici pour lire l&rsquo;article depuis sa source.<\/a><\/p>\n","protected":false},"excerpt":{"rendered":"<p>La distribution d\u2019importantes quantit\u00e9s de semoule aux commer\u00e7ants de d\u00e9tail se poursuit dans toutes les d\u00e9l\u00e9gations du gouvernorat de Kairouan.\u00a0 En effet 1348 Tonnes de ce produit de base ont \u00e9t\u00e9 jusque-l\u00e0 distribu\u00e9es dans la transparence, en pr\u00e9sence des autorit\u00e9s r\u00e9gionales et locales, des repr\u00e9sentants de l\u2019UTICA et de la direction r\u00e9gionale du commerce. Quatre [&hellip;]<\/p>\n","protected":false},"author":1773,"featured_media":0,"comment_status":"closed","ping_status":"closed","sticky":false,"template":"","format":"standard","meta":{"fifu_image_url":"","fifu_image_alt":"","footnotes":""},"categories":[73,55],"tags":[],"class_list":["post-81604","post","type-post","status-publish","format-standard","hentry","category-actualite","category-tunisie"],"_links":{"self":[{"href":"https:\/\/linitiative.ca\/International\/wp-json\/wp\/v2\/posts\/81604","targetHints":{"allow":["GET"]}}],"collection":[{"href":"https:\/\/linitiative.ca\/International\/wp-json\/wp\/v2\/posts"}],"about":[{"href":"https:\/\/linitiative.ca\/International\/wp-json\/wp\/v2\/types\/post"}],"author":[{"embeddable":true,"href":"https:\/\/linitiative.ca\/International\/wp-json\/wp\/v2\/users\/1773"}],"replies":[{"embeddable":true,"href":"https:\/\/linitiative.ca\/International\/wp-json\/wp\/v2\/comments?post=81604"}],"version-history":[{"count":0,"href":"https:\/\/linitiative.ca\/International\/wp-json\/wp\/v2\/posts\/81604\/revisions"}],"wp:attachment":[{"href":"https:\/\/linitiative.ca\/International\/wp-json\/wp\/v2\/media?parent=81604"}],"wp:term":[{"taxonomy":"category","embeddable":true,"href":"https:\/\/linitiative.ca\/International\/wp-json\/wp\/v2\/categories?post=81604"},{"taxonomy":"post_tag","embeddable":true,"href":"https:\/\/linitiative.ca\/International\/wp-json\/wp\/v2\/tags?post=81604"}],"curies":[{"name":"wp","href":"https:\/\/api.w.org\/{rel}","templated":true}]}}