{"id":81611,"date":"2020-04-08T15:14:14","date_gmt":"2020-04-08T19:14:14","guid":{"rendered":"https:\/\/linitiative.ca\/International\/international-leicester-a-fixe-le-prix-du-convoite-islam-slimani\/"},"modified":"2020-04-08T15:14:14","modified_gmt":"2020-04-08T19:14:14","slug":"international-leicester-a-fixe-le-prix-du-convoite-islam-slimani","status":"publish","type":"post","link":"https:\/\/linitiative.ca\/International\/international-leicester-a-fixe-le-prix-du-convoite-islam-slimani\/","title":{"rendered":"International : Leicester a fix\u00e9 le prix du convoit\u00e9 Islam Slimani"},"content":{"rendered":"<div readability=\"32\">\n<p>Auteur : <span class=\"time\">mercredi 08 avril 2020 16:28<\/span><\/p>\n<\/div>\n<div id=\"post_core\" readability=\"60\">\n<p>L\u2019aventure mon\u00e9gasque d\u2019Islam Slimani avait plut\u00f4t bien commenc\u00e9. Le buteur alg\u00e9rien avait ainsi r\u00e9alis\u00e9 un sacr\u00e9 d\u00e9but de saison, avant de conna\u00eetre un petit coup de moins bien depuis l\u2019arriv\u00e9e de Robert Moreno. On parlait m\u00eame d\u2019un d\u00e9part en janvier. L\u2019avenir de celui qui totalise 9 buts et 7 passes d\u00e9cisives en 18 apparitions en Ligue 1 cette saison ne devrait en tout cas pas s\u2019\u00e9crire du c\u00f4t\u00e9 de la Principaut\u00e9 si on se fie aux derni\u00e8res informations parues un peu partout en Europe. Et son contrat expire en juin 2021, ce qui va donc pousser Leicester, club \u00e0 qui il appartient, \u00e0 agir rapidement. Ce week-end, on apprenait que le Sporting Portugal, club o\u00f9 il a probablement connu les meilleurs moments de sa carri\u00e8re, \u00e9tait chaud pour le rapatrier. On ne savait cependant pas s\u2019il s\u2019agissait d\u2019un nouveau pr\u00eat ou d\u2019un transfert d\u00e9finitif, mais le quotidien portugais A Bola d\u00e9voile maintenant de nouvelles informations sur la situation du Fennec. Le m\u00e9dia confirme l\u2019int\u00e9r\u00eat du club lisbo\u00e8te, et explique que les Foxes comptent bien se d\u00e9barrasser de lui.<\/p>\n<p><strong>Un prix abordable&#8230; mais un salaire colossal<\/strong><\/p>\n<p>Mais surtout, la publication lusitanienne d\u00e9voile que le club de Premier League est pr\u00eat \u00e0 se s\u00e9parer de son attaquant contre un montant de 10 millions d\u2019euros. L\u2019Olympique de Marseille ferait ainsi partie des \u00e9curies int\u00e9ress\u00e9es, aux c\u00f4t\u00e9s du Sporting donc, mais aussi de Burnley. Selon le m\u00e9dia, le salaire tr\u00e8s \u00e9lev\u00e9 de l\u2019Alg\u00e9rien (380.000 euros par mois) poserait cependant probl\u00e8me au club portugais, et on peut imaginer qu\u2019il en sera de m\u00eame pour l\u2019Olympique de Marseille si les Phoc\u00e9ens venaient \u00e0 passer \u00e0 l\u2019attaque.\u00a0 Islam Slimani devrait donc encore occuper de nombreuses pages dans l\u2019actualit\u00e9 mercato cet \u00e9t\u00e9, ou cet automne si le mercato venait \u00e0 \u00eatre repouss\u00e9 \u00e0 cause du coronavirus. Et s\u2019il est plus ou moins connu de tous que l\u2019OM veut recruter en attaque, reste \u00e0 voir si Islam Slimani r\u00e9pond au profil recherch\u00e9, lui qui serait a priori un attaquant titulaire alors que les prestations de Dario Benedetto sont plut\u00f4t satisfaisantes. Le nom de Mbaye Niang avait aussi \u00e9t\u00e9 cit\u00e9 comme potentiel renfort phoc\u00e9en. Mais avant de penser \u00e0 d\u2019\u00e9ventuelles recrues, l\u2019OM doit d\u00e9graisser rapporte Foot Mercato.<\/p>\n<p><strong>Publi\u00e9 dans :<\/strong> <span>slimani<\/span><\/p>\n<\/div>\n<p>Auteur:<br \/>\n<a href=\"http:\/\/www.lebuteur.com\/article\/detail?titre=leicester-a-fixe-le-prix-du-convoite-islam-slimani&#038;id=95569&#038;utm_source=feedburner&#038;utm_medium=feed&#038;utm_campaign=Feed%3A+GalerieFArtciles+%28Les+derniers+articles++-+lebuteur.com%29\">Cliquez ici pour lire l&rsquo;article depuis sa source.<\/a><\/p>\n","protected":false},"excerpt":{"rendered":"<p>Auteur : mercredi 08 avril 2020 16:28 L\u2019aventure mon\u00e9gasque d\u2019Islam Slimani avait plut\u00f4t bien commenc\u00e9. Le buteur alg\u00e9rien avait ainsi r\u00e9alis\u00e9 un sacr\u00e9 d\u00e9but de saison, avant de conna\u00eetre un petit coup de moins bien depuis l\u2019arriv\u00e9e de Robert Moreno. On parlait m\u00eame d\u2019un d\u00e9part en janvier. L\u2019avenir de celui qui totalise 9 buts et [&hellip;]<\/p>\n","protected":false},"author":1738,"featured_media":81612,"comment_status":"closed","ping_status":"closed","sticky":false,"template":"","format":"standard","meta":{"fifu_image_url":"","fifu_image_alt":"","footnotes":""},"categories":[53,75],"tags":[],"class_list":["post-81611","post","type-post","status-publish","format-standard","has-post-thumbnail","hentry","category-algerie","category-sport"],"_links":{"self":[{"href":"https:\/\/linitiative.ca\/International\/wp-json\/wp\/v2\/posts\/81611","targetHints":{"allow":["GET"]}}],"collection":[{"href":"https:\/\/linitiative.ca\/International\/wp-json\/wp\/v2\/posts"}],"about":[{"href":"https:\/\/linitiative.ca\/International\/wp-json\/wp\/v2\/types\/post"}],"author":[{"embeddable":true,"href":"https:\/\/linitiative.ca\/International\/wp-json\/wp\/v2\/users\/1738"}],"replies":[{"embeddable":true,"href":"https:\/\/linitiative.ca\/International\/wp-json\/wp\/v2\/comments?post=81611"}],"version-history":[{"count":0,"href":"https:\/\/linitiative.ca\/International\/wp-json\/wp\/v2\/posts\/81611\/revisions"}],"wp:featuredmedia":[{"embeddable":true,"href":"https:\/\/linitiative.ca\/International\/wp-json\/"}],"wp:attachment":[{"href":"https:\/\/linitiative.ca\/International\/wp-json\/wp\/v2\/media?parent=81611"}],"wp:term":[{"taxonomy":"category","embeddable":true,"href":"https:\/\/linitiative.ca\/International\/wp-json\/wp\/v2\/categories?post=81611"},{"taxonomy":"post_tag","embeddable":true,"href":"https:\/\/linitiative.ca\/International\/wp-json\/wp\/v2\/tags?post=81611"}],"curies":[{"name":"wp","href":"https:\/\/api.w.org\/{rel}","templated":true}]}}