{"id":81615,"date":"2020-04-08T15:14:18","date_gmt":"2020-04-08T19:14:18","guid":{"rendered":"https:\/\/linitiative.ca\/International\/afrique-la-caf-se-prononce-pour-la-can-2021\/"},"modified":"2020-04-08T15:14:18","modified_gmt":"2020-04-08T19:14:18","slug":"afrique-la-caf-se-prononce-pour-la-can-2021","status":"publish","type":"post","link":"https:\/\/linitiative.ca\/International\/afrique-la-caf-se-prononce-pour-la-can-2021\/","title":{"rendered":"Afrique : La CAF se prononce pour la CAN 2021"},"content":{"rendered":"<div readability=\"32\">\n<p>Auteur : <span class=\"time\">mercredi 08 avril 2020 19:41<\/span><\/p>\n<\/div>\n<div id=\"post_core\" readability=\"41\">\n<p>La Conf\u00e9d\u00e9ration Africaine de Football n\u2019a pas l\u2019intention de changer la date de la CAN 2021. Cette derni\u00e8re devrait donc avoir lieu du 9 janvier au 6 f\u00e9vrier au Cameroun comme le souligne gnet.tn. C&rsquo;est en tout cas la volont\u00e9 de Abdelmounaim Bah, secr\u00e9taire g\u00e9n\u00e9ral africain :<\/p>\n<p>\u00ab\u00a0Nous pouvons jouer les matches des \u00e9liminatoires de la CAN 2021 deux par deux (deux matchs par journ\u00e9e), donc nous avons besoin de deux fen\u00eatres internationales. Toutes les options sont sur la table et ce qui est s\u00fbr, c\u2019est que la CAN est toujours pr\u00e9vue en janvier-f\u00e9vrier\u00a0\u00bb.<\/p>\n<p><strong>Publi\u00e9 dans :<\/strong> <span>CAN 2021<\/span><\/p>\n<\/div>\n<p>Auteur:<br \/>\n<a href=\"http:\/\/www.lebuteur.com\/article\/detail?titre=la-caf-se-prononce-pour-la-can-2021&#038;id=95571&#038;utm_source=feedburner&#038;utm_medium=feed&#038;utm_campaign=Feed%3A+GalerieFArtciles+%28Les+derniers+articles++-+lebuteur.com%29\">Cliquez ici pour lire l&rsquo;article depuis sa source.<\/a><\/p>\n","protected":false},"excerpt":{"rendered":"<p>Auteur : mercredi 08 avril 2020 19:41 La Conf\u00e9d\u00e9ration Africaine de Football n\u2019a pas l\u2019intention de changer la date de la CAN 2021. Cette derni\u00e8re devrait donc avoir lieu du 9 janvier au 6 f\u00e9vrier au Cameroun comme le souligne gnet.tn. C&rsquo;est en tout cas la volont\u00e9 de Abdelmounaim Bah, secr\u00e9taire g\u00e9n\u00e9ral africain : \u00ab\u00a0Nous [&hellip;]<\/p>\n","protected":false},"author":1738,"featured_media":81616,"comment_status":"closed","ping_status":"closed","sticky":false,"template":"","format":"standard","meta":{"fifu_image_url":"","fifu_image_alt":"","footnotes":""},"categories":[53,75],"tags":[],"class_list":["post-81615","post","type-post","status-publish","format-standard","has-post-thumbnail","hentry","category-algerie","category-sport"],"_links":{"self":[{"href":"https:\/\/linitiative.ca\/International\/wp-json\/wp\/v2\/posts\/81615","targetHints":{"allow":["GET"]}}],"collection":[{"href":"https:\/\/linitiative.ca\/International\/wp-json\/wp\/v2\/posts"}],"about":[{"href":"https:\/\/linitiative.ca\/International\/wp-json\/wp\/v2\/types\/post"}],"author":[{"embeddable":true,"href":"https:\/\/linitiative.ca\/International\/wp-json\/wp\/v2\/users\/1738"}],"replies":[{"embeddable":true,"href":"https:\/\/linitiative.ca\/International\/wp-json\/wp\/v2\/comments?post=81615"}],"version-history":[{"count":0,"href":"https:\/\/linitiative.ca\/International\/wp-json\/wp\/v2\/posts\/81615\/revisions"}],"wp:featuredmedia":[{"embeddable":true,"href":"https:\/\/linitiative.ca\/International\/wp-json\/"}],"wp:attachment":[{"href":"https:\/\/linitiative.ca\/International\/wp-json\/wp\/v2\/media?parent=81615"}],"wp:term":[{"taxonomy":"category","embeddable":true,"href":"https:\/\/linitiative.ca\/International\/wp-json\/wp\/v2\/categories?post=81615"},{"taxonomy":"post_tag","embeddable":true,"href":"https:\/\/linitiative.ca\/International\/wp-json\/wp\/v2\/tags?post=81615"}],"curies":[{"name":"wp","href":"https:\/\/api.w.org\/{rel}","templated":true}]}}