{"id":81618,"date":"2020-04-08T15:19:45","date_gmt":"2020-04-08T19:19:45","guid":{"rendered":"https:\/\/linitiative.ca\/International\/le-ministre-de-lindustrie-et-des-mines-a-gitex-et-saidal-loutil-de-production-peut-rebondir-dans-le-cadre-de-la-relance\/"},"modified":"2020-04-08T15:19:45","modified_gmt":"2020-04-08T19:19:45","slug":"le-ministre-de-lindustrie-et-des-mines-a-gitex-et-saidal-loutil-de-production-peut-rebondir-dans-le-cadre-de-la-relance","status":"publish","type":"post","link":"https:\/\/linitiative.ca\/International\/le-ministre-de-lindustrie-et-des-mines-a-gitex-et-saidal-loutil-de-production-peut-rebondir-dans-le-cadre-de-la-relance\/","title":{"rendered":"Le ministre de l\u2019Industrie et des mines \u00e0 Gitex et Saidal : \u00abL\u2019outil de production peut rebondir dans le cadre de la relance\u00bb"},"content":{"rendered":"<p><strong>En d\u00e9pit du lourd h\u00e9ritage l\u00e9gu\u00e9 par la gestion de l\u2019ancien r\u00e9gime ayant ax\u00e9 son orientation\u00a0\u00a0 sur le \u00abtout-import\u00bb, l\u2019industrie nationale dispose de suffisamment de comp\u00e9tences\u00a0 pour r\u00e9ussir une relance comp\u00e9titive, a affirm\u00e9, hier,\u00a0 le ministre de l\u2019Industrie et des Mines, Ferhat A\u00eft Ali, hier\u00a0 \u00e0 Alger au terme de sa visite d\u2019inspection des groupes Gitex et Sa\u00efdal, o\u00f9\u00a0 il s\u2019est enquis de leur capacit\u00e9 de production mat\u00e9rialisant leur engagement dans la lutte contre le coronavirus.<\/strong><\/p>\n<p>Le ministre de l\u2019Industrie a mis en relief le fait que l\u2019outil de\u00a0 production national \u00abdemeure intact et dispose\u00a0 des capacit\u00e9s\u00a0 n\u00e9cessaires pour rebondir apr\u00e8s une p\u00e9riode de\u00a0 20 ans de\u00a0 gestion catastrophique\u00bb.<br \/>Une gestion ayant\u00a0 impact\u00e9 lourdement le march\u00e9 national\u00a0 par des importations excessives en tous genres, ce qui s\u2019est r\u00e9percut\u00e9 n\u00e9gativement sur les capacit\u00e9s financi\u00e8res des entreprises publiques confront\u00e9es, depuis,\u00a0 \u00e0 de s\u00e9rieux probl\u00e8mes\u00a0 structurels. \u00abLes\u00a0 entreprises se sont retrouv\u00e9es pi\u00e9g\u00e9es par le \u2018\u2018tout-import\u2019\u2019\u00bb, a affirm\u00e9 le ministre.\u00a0\u00a0 A ce titre, la strat\u00e9gie de\u00a0 relance du secteur repose essentiellement sur la production nationale,\u00a0 et c\u2019est l\u00e0 un principe de consolidation de notre souverainet\u00e9. \u00abAucune nation au monde ne pourrait prosp\u00e9rer si elle d\u00e9pend\u00a0 ind\u00e9finiment de l\u2019importation,\u00a0 et ce, quelle que soit sa situation financi\u00e8re ou le niveau de ses r\u00e9serves de change\u00bb, fait-il remarquer.<\/p>\n<p><strong>\u00abLes secteurs public et priv\u00e9 condamn\u00e9s \u00e0 s\u2019entedre\u00bb<\/strong><\/p>\n<p>\u00abLes comp\u00e9tences alg\u00e9riennes sont toujours l\u00e0 et demeurent mobilis\u00e9es pour la redynamisation du secteur et apporter leur contribution \u00e0 la cons\u00e9cration de la relance dont\u00a0 la feuille de route \u00e9labor\u00e9e \u00e0 cet effet inclut les entreprises publiques et priv\u00e9es\u00bb, a-t-il\u00a0 assur\u00e9. \u00abLe public et le priv\u00e9 sont condamn\u00e9s \u00e0 s\u2019entendre\u00bb, a soulign\u00e9\u00a0 M. A\u00eft Ali\u00a0 lors d\u2019un point de presse anim\u00e9 dans l\u2019enceinte de l\u2019unit\u00e9 de production du groupe\u00a0 Sa\u00efdal d\u2019El-Harrach, o\u00f9 il s\u2019est enquis des capacit\u00e9s de cette entreprise pharmaceutique en mati\u00e8re notamment de production du Parac\u00e9tamol et de gel hydro-alcoolique,\u00a0 des produits fortement demand\u00e9s en ces temps\u00a0 difficiles. Il affirme que Saidal peut r\u00e9pondre \u00e0 la demande, pour la production de chloroquine. N\u00e9anmoins, la quantit\u00e9 d\u00e9j\u00e0 disponible \u00e9valu\u00e9e \u00e0 plus de 324.000 unit\u00e9s est largement suffisante, du coup, l\u2019option de la production de ce m\u00e9dicament n\u2019est pas, pour l\u2019heure, \u00e0 l\u2019ordre du jour, a-t-il expliqu\u00e9. \u00abIl faudrait aussi veiller \u00e0\u00a0 rationnaliser\u00a0 notre production nationale\u00bb, a-t-il\u00a0 insist\u00e9.\u00a0<br \/>\u00abMalgr\u00e9 les contraintes auxquelles fait face Saidal, notamment la concurrence d\u00e9loyale et les probl\u00e8mes de gestion interne, cette entreprise a r\u00e9pondu pr\u00e9sent et de mani\u00e8re rapide face \u00e0 cette catastrophe mondiale\u00bb,\u00a0 avait\u00a0 fait savoir le ministre lors de son\u00a0 intervention\u00a0 mardi\u00a0 \u00e0 la Radio nationale.\u00a0<br \/>\u00a0Hier, il a mis l\u2019accent\u00a0 sur la capacit\u00e9 des\u00a0 entreprises alg\u00e9riennes \u00e0\u00a0 produire\u00a0 des respirateurs artificiels de r\u00e9animation, citant\u00a0 le cas de l\u2019Enie qui dispose de\u00a0 comp\u00e9tences pour relever\u00a0 ce d\u00e9fi.<\/p>\n<p><strong>La production des masques chirurgicaux optimis\u00e9e<\/strong><\/p>\n<p>Le ministre s\u2019est rendu, auparavant, au si\u00e8ge du Groupe des textiles et cuirs (Gitex) \u00e0 Ch\u00e9raga, o\u00f9 il s\u2019est enquis du rythme de production des masques chirurgicaux dont la capacit\u00e9 est estim\u00e9e \u00e0 2 millions d\u2019unit\u00e9s par mois, exhortant les responsables de l\u2019entreprise \u00e0 produire mensuellement 5 millions de bavettes.\u00a0<br \/>Dans cet ordre d\u2019id\u00e9es, le DG de Gitex, Mokrane Zerrouk, assure que l\u2019entreprise dispose d\u2019une quantit\u00e9\u00a0 suffisante de mati\u00e8re premi\u00e8re pouvant lui permettre d\u2019atteindre un seuil de production de 12 millions de masques par mois. Il fera part aussi d\u2019une forte demande sur ce produit, n\u00e9anmoins la priorit\u00e9 pour Gitex est de r\u00e9pondre aux besoins de la Pharmacie centrale afin que ce\u00a0 moyen\u00a0 protecteur soit mis \u00e0 la disposition du personnel soignant. \u00abLa demande sur le masque chirurgical est grande, elle \u00e9mane aussi des institutions, des entreprises publiques ou priv\u00e9es\u00a0 ainsi que des associations. Notre priorit\u00e9 est de satisfaire la direction de la\u00a0 Pharmacie centrale\u00bb, a soulign\u00e9 le m\u00eame\u00a0 responsable.<br \/>\u00a0 Karim Aoudia<br \/>\u00a0<\/p>\n<p>Auteur: elmoudjahid<br \/>\n<a href=\"http:\/\/www.elmoudjahid.com\/fr\/actualites\/151103\">Cliquez ici pour lire l&rsquo;article depuis sa source.<\/a><\/p>\n","protected":false},"excerpt":{"rendered":"<p>En d\u00e9pit du lourd h\u00e9ritage l\u00e9gu\u00e9 par la gestion de l\u2019ancien r\u00e9gime ayant ax\u00e9 son orientation\u00a0\u00a0 sur le \u00abtout-import\u00bb, l\u2019industrie nationale dispose de suffisamment de comp\u00e9tences\u00a0 pour r\u00e9ussir une relance comp\u00e9titive, a affirm\u00e9, hier,\u00a0 le ministre de l\u2019Industrie et des Mines, Ferhat A\u00eft Ali, hier\u00a0 \u00e0 Alger au terme de sa visite d\u2019inspection des groupes [&hellip;]<\/p>\n","protected":false},"author":1744,"featured_media":0,"comment_status":"closed","ping_status":"closed","sticky":false,"template":"","format":"standard","meta":{"fifu_image_url":"","fifu_image_alt":"","footnotes":""},"categories":[73,53],"tags":[],"class_list":["post-81618","post","type-post","status-publish","format-standard","hentry","category-actualite","category-algerie"],"_links":{"self":[{"href":"https:\/\/linitiative.ca\/International\/wp-json\/wp\/v2\/posts\/81618","targetHints":{"allow":["GET"]}}],"collection":[{"href":"https:\/\/linitiative.ca\/International\/wp-json\/wp\/v2\/posts"}],"about":[{"href":"https:\/\/linitiative.ca\/International\/wp-json\/wp\/v2\/types\/post"}],"author":[{"embeddable":true,"href":"https:\/\/linitiative.ca\/International\/wp-json\/wp\/v2\/users\/1744"}],"replies":[{"embeddable":true,"href":"https:\/\/linitiative.ca\/International\/wp-json\/wp\/v2\/comments?post=81618"}],"version-history":[{"count":0,"href":"https:\/\/linitiative.ca\/International\/wp-json\/wp\/v2\/posts\/81618\/revisions"}],"wp:attachment":[{"href":"https:\/\/linitiative.ca\/International\/wp-json\/wp\/v2\/media?parent=81618"}],"wp:term":[{"taxonomy":"category","embeddable":true,"href":"https:\/\/linitiative.ca\/International\/wp-json\/wp\/v2\/categories?post=81618"},{"taxonomy":"post_tag","embeddable":true,"href":"https:\/\/linitiative.ca\/International\/wp-json\/wp\/v2\/tags?post=81618"}],"curies":[{"name":"wp","href":"https:\/\/api.w.org\/{rel}","templated":true}]}}