{"id":81619,"date":"2020-04-08T15:19:47","date_gmt":"2020-04-08T19:19:47","guid":{"rendered":"https:\/\/linitiative.ca\/International\/salim-labatcha-sg-de-lugta-les-metiers-liberaux-et-artisanaux-doivent-beneficier-dune-assistance\/"},"modified":"2020-04-08T15:19:47","modified_gmt":"2020-04-08T19:19:47","slug":"salim-labatcha-sg-de-lugta-les-metiers-liberaux-et-artisanaux-doivent-beneficier-dune-assistance","status":"publish","type":"post","link":"https:\/\/linitiative.ca\/International\/salim-labatcha-sg-de-lugta-les-metiers-liberaux-et-artisanaux-doivent-beneficier-dune-assistance\/","title":{"rendered":"Salim Labatcha, SG de l\u2019UGTA : \u00abLes m\u00e9tiers lib\u00e9raux et artisanaux doivent b\u00e9n\u00e9ficier d\u2019une assistance\u00bb"},"content":{"rendered":"<div class=\"TxArtcile\" readability=\"27\">\n<p>Les m\u00e9tiers lib\u00e9raux et artisanaux doivent b\u00e9n\u00e9ficier d\u2019une assistance particuli\u00e8re de la part de l\u2019Etat afin de les aider \u00e0 faire face \u00e0 l\u2019impact de la pand\u00e9mie de Covid-19 sur leurs revenus, a indiqu\u00e9 hier le Secr\u00e9taire g\u00e9n\u00e9ral de l&rsquo;Union g\u00e9n\u00e9rale des travailleurs alg\u00e9riens (UGTA), Salim Labatcha.<br \/>\u00abNous avons tendance \u00e0 parler uniquement des entreprises et des salaires de leurs employ\u00e9s, mais il faut parler aussi des petits m\u00e9tiers.<br \/>Eux aussi ils doivent b\u00e9n\u00e9ficier d\u2019une assistance et d\u2019un suivi pour pouvoir trouver des m\u00e9canismes (d\u2019aide)\u00bb, a d\u00e9clar\u00e9 M. Labatcha sur les ondes de la Radio nationale.<br \/>\u00abCe sont des petits m\u00e9tiers qui ont leur importance dans notre vie quotidienne et qui m\u00e9ritent d\u2019\u00eatre accompagn\u00e9s et d\u2019\u00eatre pris en compte au m\u00eame titre que les entreprises\u00bb, a-t-il ajout\u00e9.<br \/>Il a rappel\u00e9 \u00e0 cet \u00e9gard l\u2019engagement du pr\u00e9sident de la R\u00e9publique, Abdelmadjid Tebboune, lors de la derni\u00e8re entrevue<br \/>avec des repr\u00e9sentants de m\u00e9dias nationaux, \u00e0 soutenir et prendre en charge les PME, micro-entreprises ainsi que les activit\u00e9s artisanales, touch\u00e9es par la pand\u00e9mie.<br \/>Mardi, dans une d\u00e9claration commune, l\u2019UGTA et des organisations patronales, ont exprim\u00e9 les pr\u00e9occupations des travailleurs et des employeurs alg\u00e9riens quant aux cons\u00e9quences de cette crise sanitaire sur l\u2019outil de production national et sur l\u2019emploi, tout en r\u00e9it\u00e9rant leur \u00abengagement sans r\u00e9serve\u00bb pour une contribution \u00e0 l&rsquo;action des pouvoirs publics ainsi que leur \u00abengagement de solidarit\u00e9\u00bb avec le peuple \u00e0 travers des actions de solidarit\u00e9 en direction des populations et de soutien aux structures de sant\u00e9 et personnels soignants.<br \/>Les signataires ont, par ailleurs, salu\u00e9 les mesures de confinement total ou partiel et de solidarit\u00e9 d\u00e9cid\u00e9es par les plus hautes autorit\u00e9s du pays pour endiguer l&rsquo;\u00e9pid\u00e9mie de coronavirus, ainsi que celles relatives \u00e0 l&rsquo;approvisionnement des populations en produits alimentaires.<\/p>\n<\/div>\n<div class=\"ModliArtilUne\">\n<ul>\n<li><strong>Publi\u00e9 dans :<\/strong><\/li>\n<\/ul>\n<\/div>\n<div class=\"MbComIns\" id=\"newcom\" readability=\"5.69402985075\">\n<h6>DONNEZ VOTRE AVIS<\/h6>\n<p>Il n&rsquo;y a actuellement aucune r\u00e9action \u00e0 cette information. Soyez le premier \u00e0 r\u00e9agir !<\/p>\n<p><a href=\"\" rel=\"#popup\" class=\"login resetbutton\">Identifiez-vous<\/a><a class=\"button\" href=\"http:\/\/www.elmoudjahid.com\/fr\/inscription\/\"><span>S&rsquo;inscrire<\/span><\/a><\/p>\n<\/div>\n<p>Auteur: elmoudjahid<br \/>\n<a href=\"http:\/\/www.elmoudjahid.com\/fr\/actualites\/151104\">Cliquez ici pour lire l&rsquo;article depuis sa source.<\/a><\/p>\n","protected":false},"excerpt":{"rendered":"<p>Les m\u00e9tiers lib\u00e9raux et artisanaux doivent b\u00e9n\u00e9ficier d\u2019une assistance particuli\u00e8re de la part de l\u2019Etat afin de les aider \u00e0 faire face \u00e0 l\u2019impact de la pand\u00e9mie de Covid-19 sur leurs revenus, a indiqu\u00e9 hier le Secr\u00e9taire g\u00e9n\u00e9ral de l&rsquo;Union g\u00e9n\u00e9rale des travailleurs alg\u00e9riens (UGTA), Salim Labatcha.\u00abNous avons tendance \u00e0 parler uniquement des entreprises et [&hellip;]<\/p>\n","protected":false},"author":1744,"featured_media":0,"comment_status":"closed","ping_status":"closed","sticky":false,"template":"","format":"standard","meta":{"fifu_image_url":"","fifu_image_alt":"","footnotes":""},"categories":[73,53],"tags":[],"class_list":["post-81619","post","type-post","status-publish","format-standard","hentry","category-actualite","category-algerie"],"_links":{"self":[{"href":"https:\/\/linitiative.ca\/International\/wp-json\/wp\/v2\/posts\/81619","targetHints":{"allow":["GET"]}}],"collection":[{"href":"https:\/\/linitiative.ca\/International\/wp-json\/wp\/v2\/posts"}],"about":[{"href":"https:\/\/linitiative.ca\/International\/wp-json\/wp\/v2\/types\/post"}],"author":[{"embeddable":true,"href":"https:\/\/linitiative.ca\/International\/wp-json\/wp\/v2\/users\/1744"}],"replies":[{"embeddable":true,"href":"https:\/\/linitiative.ca\/International\/wp-json\/wp\/v2\/comments?post=81619"}],"version-history":[{"count":0,"href":"https:\/\/linitiative.ca\/International\/wp-json\/wp\/v2\/posts\/81619\/revisions"}],"wp:attachment":[{"href":"https:\/\/linitiative.ca\/International\/wp-json\/wp\/v2\/media?parent=81619"}],"wp:term":[{"taxonomy":"category","embeddable":true,"href":"https:\/\/linitiative.ca\/International\/wp-json\/wp\/v2\/categories?post=81619"},{"taxonomy":"post_tag","embeddable":true,"href":"https:\/\/linitiative.ca\/International\/wp-json\/wp\/v2\/tags?post=81619"}],"curies":[{"name":"wp","href":"https:\/\/api.w.org\/{rel}","templated":true}]}}