{"id":81620,"date":"2020-04-08T15:19:49","date_gmt":"2020-04-08T19:19:49","guid":{"rendered":"https:\/\/linitiative.ca\/International\/care-proposition-dun-revenu-au-profit-des-travailleurs-prives-affectes-par-la-crise\/"},"modified":"2020-04-08T15:19:49","modified_gmt":"2020-04-08T19:19:49","slug":"care-proposition-dun-revenu-au-profit-des-travailleurs-prives-affectes-par-la-crise","status":"publish","type":"post","link":"https:\/\/linitiative.ca\/International\/care-proposition-dun-revenu-au-profit-des-travailleurs-prives-affectes-par-la-crise\/","title":{"rendered":"Care :  Proposition d\u2019un revenu au profit des travailleurs  priv\u00e9s affect\u00e9s par la crise"},"content":{"rendered":"<p>\u00a0Le Cercle d&rsquo;action et de r\u00e9flexion autour de l&rsquo;entreprise (CARE) a fait part, mardi, d&rsquo;une proposition pour la mise en place d&rsquo;un revenu, intitul\u00e9 COVID-2020, en solidarit\u00e9 avec les travailleurs priv\u00e9s affect\u00e9s par la crise sanitaire engendr\u00e9e par le Coronavirus (COVID-19). Rappelant que le Gouvernement a pris la d\u00e9cision de lib\u00e9rer la moiti\u00e9 des employ\u00e9s de la Fonction publique tout en maintenant le versement de leurs salaires, le CARE a \u00e9voqu\u00e9 dans sa r\u00e9flexion les employ\u00e9s du secteur priv\u00e9, particuli\u00e8rement ceux relevant du secteur informel et qui, dans l\u2019incapacit\u00e9 de travailler, perdent ainsi la seule source de revenu \u00e0 laquelle ils pouvaient acc\u00e9der, en raison de la crise sanitaire et du confinement impos\u00e9 en cons\u00e9quence. Soulignant que ce probl\u00e8me n\u2019est pas sp\u00e9cifiquement alg\u00e9rien, la proposition, publi\u00e9e sur le site web du Cercle, estime que \u00abla r\u00e9silience de la population va \u00eatre mise \u00e0 rude \u00e9preuve au-del\u00e0 d\u2019un mois de confinement, d\u2019inactivit\u00e9 et d\u2019ass\u00e8chement progressif de ses revenus\u00bb, ajoutant qu&rsquo; \u00abil para\u00eet n\u00e9cessaire que l&rsquo;engagement verbal des pouvoirs publics de ne laisser personne de c\u00f4t\u00e9\u00bb puisse \u00eatre suivi d\u2019 \u00abune traduction concr\u00e8te sur le terrain\u00bb.<br \/>Il est ainsi recommand\u00e9, selon la m\u00eame source, qu&rsquo;\u00e0 l\u2019image de ce qui est fait dans de nombreux pays d\u00e9velopp\u00e9s ou en d\u00e9veloppement, une aide budg\u00e9taire sp\u00e9cifique soit apport\u00e9e \u00e0 cette cat\u00e9gorie de citoyens qui ont pu perdre leurs revenus du fait de cette crise sanitaire qui est venue frapper l\u2019\u00e9conomie nationale.<br \/>Pour sa mise en \u0153uvre, le CARE s&rsquo;est r\u00e9f\u00e9r\u00e9 \u00e0 la derni\u00e8re enqu\u00eate de l&rsquo;Office national des statistiques (ONS), dat\u00e9e de mai 2019, qui estime que la totalit\u00e9 des personnes occup\u00e9es se chiffrait \u00e0 11,3 millions, parmi lesquelles 7 millions sont employ\u00e9es par le secteur priv\u00e9. \u00abSupposant que 70% des personnes employ\u00e9es par le secteur priv\u00e9 sont touch\u00e9es, on aboutit \u00e0 une population de quelque 5 millions d\u2019employ\u00e9s qui demanderaient \u00e0 \u00eatre assist\u00e9s au cours d\u2019une p\u00e9riode que l\u2019on pourrait, \u00e0 ce stade, estimer \u00e0 trois mois\u00bb, note le CARE, ajoutant qu&rsquo;une aide forfaitaire mensuelle de 10.000 DA, qui serait consentie durant trois mois \u00e0 cette cat\u00e9gorie de la population, aurait un impact budg\u00e9taire de 150 milliards de dinars.<br \/>Si le principe d\u2019une telle aide venait \u00e0 \u00eatre retenu in fine, il reste un double \u00e9cueil \u00e0 surmonter, avance la r\u00e9flexion, \u00e0 savoir, d\u2019une part, celui de son financement et, d\u2019autre part, celui de sa mise en \u0153uvre en l&rsquo;absence de statistiques pr\u00e9cises.<br \/>Ainsi, \u00ab\u00e0 un moment o\u00f9 le gouvernement a d\u00e9j\u00e0 annonc\u00e9 la d\u00e9cision de r\u00e9duire de 30% le budget de fonctionnement de l\u2019Etat alg\u00e9rien, il lui est difficile d\u2019envisager une d\u00e9pense nouvelle et impr\u00e9vue de 150 Mds de DA, notamment en raison de l\u2019affaissement brutal des prix p\u00e9troliers, m\u00eame si le montant peut para\u00eetre modeste au regard des 4.893 Mds de DA de d\u00e9penses de fonctionnement inscrites au budget de l\u2019ann\u00e9e 2020 (soit 3%)\u00bb, note le CARE.<br \/>Il propose, ainsi, deux solutions potentielles, la premi\u00e8re est une contribution de solidarit\u00e9 de l\u2019ensemble des employ\u00e9s sur le territoire national, \u00e0 travers un appel \u00e0 contribution \u00e0 l&rsquo;\u00e9gard des revenus sup\u00e9rieurs \u00e0 la moyenne du salaire national lequel, selon l\u2019ONS, se situe \u00e0 un niveau de 41.000 DA, tandis que la deuxi\u00e8me consisterait \u00e0 recourir de mani\u00e8re exceptionnelle au financement non conventionnel par la cr\u00e9ation de monnaie.<br \/>Par ailleurs, supposant que la contrainte strictement financi\u00e8re soit r\u00e9solue, l\u2019autre probl\u00e8me encore plus redoutable qui se posera in\u00e9vitablement, selon le CARE, est celui de la mise en \u0153uvre d\u2019une mesure consistant \u00e0 payer une population d\u2019employ\u00e9s \u00e0 faible revenu (pour l\u2019essentiel informelle), d\u00e9plore-t-il.<br \/>Il propose ainsi la cr\u00e9ation d\u2019une page web afin que les travailleurs informels puissent postuler \u00e0 des aides, permettant de cibler fondamentalement tous les employ\u00e9s du secteur informel, ainsi que les artisans et entrepreneurs individuels ayant perdu leur emploi ou leur revenu.<br \/>Pour les employ\u00e9s du secteur priv\u00e9 formel connaissant le m\u00eame probl\u00e8me de perte de revenu, le transfert du revenu COVID-2020 pourrait \u00eatre op\u00e9r\u00e9 via leur entreprise, selon le CARE, qui pr\u00e9cise que la proc\u00e9dure d\u2019\u00e9ligibilit\u00e9 devrait \u00eatre aussi simple que possible, sur la base d\u2019une d\u00e9claration sur l\u2019honneur avec mention explicite de sanctions auxquelles s\u2019expose tout contrevenant. \u00a0<\/p>\n<p>Auteur: elmoudjahid<br \/>\n<a href=\"http:\/\/www.elmoudjahid.com\/fr\/actualites\/151105\">Cliquez ici pour lire l&rsquo;article depuis sa source.<\/a><\/p>\n","protected":false},"excerpt":{"rendered":"<p>\u00a0Le Cercle d&rsquo;action et de r\u00e9flexion autour de l&rsquo;entreprise (CARE) a fait part, mardi, d&rsquo;une proposition pour la mise en place d&rsquo;un revenu, intitul\u00e9 COVID-2020, en solidarit\u00e9 avec les travailleurs priv\u00e9s affect\u00e9s par la crise sanitaire engendr\u00e9e par le Coronavirus (COVID-19). Rappelant que le Gouvernement a pris la d\u00e9cision de lib\u00e9rer la moiti\u00e9 des employ\u00e9s [&hellip;]<\/p>\n","protected":false},"author":1744,"featured_media":0,"comment_status":"closed","ping_status":"closed","sticky":false,"template":"","format":"standard","meta":{"fifu_image_url":"","fifu_image_alt":"","footnotes":""},"categories":[73,53],"tags":[],"class_list":["post-81620","post","type-post","status-publish","format-standard","hentry","category-actualite","category-algerie"],"_links":{"self":[{"href":"https:\/\/linitiative.ca\/International\/wp-json\/wp\/v2\/posts\/81620","targetHints":{"allow":["GET"]}}],"collection":[{"href":"https:\/\/linitiative.ca\/International\/wp-json\/wp\/v2\/posts"}],"about":[{"href":"https:\/\/linitiative.ca\/International\/wp-json\/wp\/v2\/types\/post"}],"author":[{"embeddable":true,"href":"https:\/\/linitiative.ca\/International\/wp-json\/wp\/v2\/users\/1744"}],"replies":[{"embeddable":true,"href":"https:\/\/linitiative.ca\/International\/wp-json\/wp\/v2\/comments?post=81620"}],"version-history":[{"count":0,"href":"https:\/\/linitiative.ca\/International\/wp-json\/wp\/v2\/posts\/81620\/revisions"}],"wp:attachment":[{"href":"https:\/\/linitiative.ca\/International\/wp-json\/wp\/v2\/media?parent=81620"}],"wp:term":[{"taxonomy":"category","embeddable":true,"href":"https:\/\/linitiative.ca\/International\/wp-json\/wp\/v2\/categories?post=81620"},{"taxonomy":"post_tag","embeddable":true,"href":"https:\/\/linitiative.ca\/International\/wp-json\/wp\/v2\/tags?post=81620"}],"curies":[{"name":"wp","href":"https:\/\/api.w.org\/{rel}","templated":true}]}}