{"id":81629,"date":"2020-04-08T12:03:00","date_gmt":"2020-04-08T16:03:00","guid":{"rendered":"https:\/\/linitiative.ca\/International\/les-cadres-superieurs-de-la-dgsn-font-don-dun-mois-de-salaire\/"},"modified":"2020-04-08T12:03:00","modified_gmt":"2020-04-08T16:03:00","slug":"les-cadres-superieurs-de-la-dgsn-font-don-dun-mois-de-salaire","status":"publish","type":"post","link":"https:\/\/linitiative.ca\/International\/les-cadres-superieurs-de-la-dgsn-font-don-dun-mois-de-salaire\/","title":{"rendered":"Les cadres sup\u00e9rieurs de la DGSN font don d\u2019un mois de salaire"},"content":{"rendered":"<p><br id=\"sep_para_1\" class=\"sep_para access\"\/><\/p>\n<div id=\"para_1\" class=\"para_36386904 resize\">\n<div class=\"texte access firstletter\">Les cadres sup\u00e9rieurs de la Direction g\u00e9n\u00e9rale de la S\u00fbret\u00e9 nationale (DGSN) aux niveaux central, r\u00e9gional et local, dirig\u00e9e par Khelifa Lounici, ont fait don d\u2019un mois de leurs salaires dans le cadre de l\u2019\u00e9lan de solidarit\u00e9 initi\u00e9 contre la pand\u00e9mie du nouveau coronavirus (Covid-19). C\u2019est ce qu\u2019a annonc\u00e9 la DGSN dans un communiqu\u00e9. \u00abCette contribution financi\u00e8re, qui sera vers\u00e9e dans les comptes de solidarit\u00e9 \u201cCovid-19\u201d ouverts \u00e0 cet effet, intervient pour renforcer les efforts visant \u00e0 enrayer la propagation du coronavirus et att\u00e9nuer les effets de la crise sanitaire que traverse le pays\u00bb, a pr\u00e9cis\u00e9 le communiqu\u00e9, ajoutant que \u00abcet \u00e9lan de solidarit\u00e9 refl\u00e8te l\u2019esprit de fraternit\u00e9 authentique qui caract\u00e9rise la soci\u00e9t\u00e9 alg\u00e9rienne\u00bb. \u00abIl s\u2019agit aussi d\u2019un devoir national des affili\u00e9s de la S\u00fbret\u00e9 nationale et d\u2019un message d\u2019espoir traduisant leur solidarit\u00e9 avec leurs compatriotes en toutes circonstances\u00bb, a estim\u00e9 le communiqu\u00e9 de la Police nationale.<\/div>\n<\/div>\n<p>Auteur: R\u00e9flexion<br \/>\n<a href=\"https:\/\/www.reflexiondz.net\/Les-cadres-superieurs-de-la-DGSN-font-don-d-un-mois-de-salaire_a61867.html\">Cliquez ici pour lire l&rsquo;article depuis sa source.<\/a><\/p>\n","protected":false},"excerpt":{"rendered":"<p>Les cadres sup\u00e9rieurs de la Direction g\u00e9n\u00e9rale de la S\u00fbret\u00e9 nationale (DGSN) aux niveaux central, r\u00e9gional et local, dirig\u00e9e par Khelifa Lounici, ont fait don d\u2019un mois de leurs salaires dans le cadre de l\u2019\u00e9lan de solidarit\u00e9 initi\u00e9 contre la pand\u00e9mie du nouveau coronavirus (Covid-19). C\u2019est ce qu\u2019a annonc\u00e9 la DGSN dans un communiqu\u00e9. \u00abCette [&hellip;]<\/p>\n","protected":false},"author":1740,"featured_media":0,"comment_status":"closed","ping_status":"closed","sticky":false,"template":"","format":"standard","meta":{"fifu_image_url":"","fifu_image_alt":"","footnotes":""},"categories":[53,76],"tags":[],"class_list":["post-81629","post","type-post","status-publish","format-standard","hentry","category-algerie","category-regions"],"_links":{"self":[{"href":"https:\/\/linitiative.ca\/International\/wp-json\/wp\/v2\/posts\/81629","targetHints":{"allow":["GET"]}}],"collection":[{"href":"https:\/\/linitiative.ca\/International\/wp-json\/wp\/v2\/posts"}],"about":[{"href":"https:\/\/linitiative.ca\/International\/wp-json\/wp\/v2\/types\/post"}],"author":[{"embeddable":true,"href":"https:\/\/linitiative.ca\/International\/wp-json\/wp\/v2\/users\/1740"}],"replies":[{"embeddable":true,"href":"https:\/\/linitiative.ca\/International\/wp-json\/wp\/v2\/comments?post=81629"}],"version-history":[{"count":0,"href":"https:\/\/linitiative.ca\/International\/wp-json\/wp\/v2\/posts\/81629\/revisions"}],"wp:attachment":[{"href":"https:\/\/linitiative.ca\/International\/wp-json\/wp\/v2\/media?parent=81629"}],"wp:term":[{"taxonomy":"category","embeddable":true,"href":"https:\/\/linitiative.ca\/International\/wp-json\/wp\/v2\/categories?post=81629"},{"taxonomy":"post_tag","embeddable":true,"href":"https:\/\/linitiative.ca\/International\/wp-json\/wp\/v2\/tags?post=81629"}],"curies":[{"name":"wp","href":"https:\/\/api.w.org\/{rel}","templated":true}]}}