{"id":81630,"date":"2020-04-08T12:03:00","date_gmt":"2020-04-08T16:03:00","guid":{"rendered":"https:\/\/linitiative.ca\/International\/vers-un-depistage-massif-du-corps-medical\/"},"modified":"2020-04-08T12:03:00","modified_gmt":"2020-04-08T16:03:00","slug":"vers-un-depistage-massif-du-corps-medical","status":"publish","type":"post","link":"https:\/\/linitiative.ca\/International\/vers-un-depistage-massif-du-corps-medical\/","title":{"rendered":"Vers un d\u00e9pistage massif du corps m\u00e9dical"},"content":{"rendered":"<p><br id=\"sep_para_1\" class=\"sep_para access\"\/><\/p>\n<div id=\"para_1\" class=\"para_36386903 resize\">\n<div class=\"texte access firstletter\">Le corps m\u00e9dical, fortement expos\u00e9 au risque de contamination par le coronavirus, serait soumis \u00e0 l\u2019obligation d\u2019un d\u00e9pistage massif dans les prochains jours. En effet, le minist\u00e8re de la sant\u00e9 serait entrain d\u2019\u00e9laborer un plan de d\u00e9pistage massif au profit du corps m\u00e9dical, indique ce mercredi le quotidien El Khabar citant des sources m\u00e9dicales. Cette d\u00e9marche intervient suite \u00e0 la d\u00e9tection de plusieurs cas confirm\u00e9s parmi des m\u00e9decins, des aides-soignants, des directeurs d\u2019\u00e9tablissement, voir m\u00eame des directeurs de la sant\u00e9 dans certaines wilayas, indique la m\u00eame source. Cette d\u00e9marche sera officialis\u00e9e, une fois les \u00e9quipements n\u00e9cessaires de d\u00e9pistage, qu\u2019a \u00e9voqu\u00e9 le premier ministre au d\u00e9but de cette semaine, seront r\u00e9ceptionn\u00e9s. Seront concern\u00e9s par le d\u00e9pistage, plus de 370 000 travailleurs dans le secteur de la sant\u00e9 indique encore la m\u00eame source.<\/div>\n<\/div>\n<p>Auteur: R\u00e9flexion<br \/>\n<a href=\"https:\/\/www.reflexiondz.net\/Vers-un-depistage-massif-du-corps-medical_a61866.html\">Cliquez ici pour lire l&rsquo;article depuis sa source.<\/a><\/p>\n","protected":false},"excerpt":{"rendered":"<p>Le corps m\u00e9dical, fortement expos\u00e9 au risque de contamination par le coronavirus, serait soumis \u00e0 l\u2019obligation d\u2019un d\u00e9pistage massif dans les prochains jours. En effet, le minist\u00e8re de la sant\u00e9 serait entrain d\u2019\u00e9laborer un plan de d\u00e9pistage massif au profit du corps m\u00e9dical, indique ce mercredi le quotidien El Khabar citant des sources m\u00e9dicales. Cette [&hellip;]<\/p>\n","protected":false},"author":1740,"featured_media":0,"comment_status":"closed","ping_status":"closed","sticky":false,"template":"","format":"standard","meta":{"fifu_image_url":"","fifu_image_alt":"","footnotes":""},"categories":[53,76],"tags":[],"class_list":["post-81630","post","type-post","status-publish","format-standard","hentry","category-algerie","category-regions"],"_links":{"self":[{"href":"https:\/\/linitiative.ca\/International\/wp-json\/wp\/v2\/posts\/81630","targetHints":{"allow":["GET"]}}],"collection":[{"href":"https:\/\/linitiative.ca\/International\/wp-json\/wp\/v2\/posts"}],"about":[{"href":"https:\/\/linitiative.ca\/International\/wp-json\/wp\/v2\/types\/post"}],"author":[{"embeddable":true,"href":"https:\/\/linitiative.ca\/International\/wp-json\/wp\/v2\/users\/1740"}],"replies":[{"embeddable":true,"href":"https:\/\/linitiative.ca\/International\/wp-json\/wp\/v2\/comments?post=81630"}],"version-history":[{"count":0,"href":"https:\/\/linitiative.ca\/International\/wp-json\/wp\/v2\/posts\/81630\/revisions"}],"wp:attachment":[{"href":"https:\/\/linitiative.ca\/International\/wp-json\/wp\/v2\/media?parent=81630"}],"wp:term":[{"taxonomy":"category","embeddable":true,"href":"https:\/\/linitiative.ca\/International\/wp-json\/wp\/v2\/categories?post=81630"},{"taxonomy":"post_tag","embeddable":true,"href":"https:\/\/linitiative.ca\/International\/wp-json\/wp\/v2\/tags?post=81630"}],"curies":[{"name":"wp","href":"https:\/\/api.w.org\/{rel}","templated":true}]}}