{"id":81631,"date":"2020-04-08T12:03:00","date_gmt":"2020-04-08T16:03:00","guid":{"rendered":"https:\/\/linitiative.ca\/International\/ferhat-ait-ali-veut-une-usine-de-production-de-voitures\/"},"modified":"2020-04-08T12:03:00","modified_gmt":"2020-04-08T16:03:00","slug":"ferhat-ait-ali-veut-une-usine-de-production-de-voitures","status":"publish","type":"post","link":"https:\/\/linitiative.ca\/International\/ferhat-ait-ali-veut-une-usine-de-production-de-voitures\/","title":{"rendered":"Ferhat Ait Ali veut une usine de production de voitures"},"content":{"rendered":"<p><br id=\"sep_para_1\" class=\"sep_para access\"\/><\/p>\n<div id=\"para_1\" class=\"para_36386896 resize\">\n<div class=\"texte access firstletter\">Le\u00a0 ministre de l\u2019Industrie et des Mines, Ferhat Ait Ali Braham, a d\u00e9voil\u00e9, lors de son passage sur la radio cha\u00eene II de la radio nationale, son plan pour casser les prix des voitures en Alg\u00e9rie qui a explos\u00e9 ces derni\u00e8res ann\u00e9es. Pour Ferhat Ait Ali, la solution est de produire les v\u00e9hicules localement et \u00e9viter le montage pas du montage. \u00ab S\u2019il y a un seul producteur, c\u2019est suffisant. Mais, un producteur s\u00e9rieux, qui va investir son argent et cr\u00e9er des emplois selon ses besoins \u00bb. Le ministre a soulign\u00e9 que dans le nouveau cahier des charges il exigera l\u2019int\u00e9gration de la coque du v\u00e9hicule. \u00ab Celui qui ne peut pas r\u00e9pondre \u00e0 cette exigence, ce n\u2019est pas la peine qu\u2019il vienne. Ce sont l\u00e0 des exigences d\u2019un v\u00e9ritable investissement \u00bb, a indiqu\u00e9 le ministre, ajoutant : \u00ab Nous voulons une usine de voitures, nous ne voulons pas un garage pour monter des voitures \u00bb \u00ab Celui qui a de quoi faire une usine de voitures : l\u2019argent, le savoir-faire, l\u2019exp\u00e9rience, le partenaire fiable, alg\u00e9rien ou \u00e9tranger, car, on ne va pas obliger les \u00e9trangers \u00e0 s\u2019associer. Quand une grande marque vienne, et avec les nouveaux textes qui seront promulgu\u00e9s, l\u2019investisseur \u00e9tranger viendra seul, et il ne sera pas oblig\u00e9 de se conformer \u00e0 la r\u00e8gle 51\/49, car cette derni\u00e8re sera abrog\u00e9e \u00bb, a expliqu\u00e9 Ferhat Ait Ali.<\/div>\n<\/div>\n<p>Auteur: R\u00e9flexion<br \/>\n<a href=\"https:\/\/www.reflexiondz.net\/Ferhat-Ait-Ali-veut-une-usine-de-production-de-voitures_a61865.html\">Cliquez ici pour lire l&rsquo;article depuis sa source.<\/a><\/p>\n","protected":false},"excerpt":{"rendered":"<p>Le\u00a0 ministre de l\u2019Industrie et des Mines, Ferhat Ait Ali Braham, a d\u00e9voil\u00e9, lors de son passage sur la radio cha\u00eene II de la radio nationale, son plan pour casser les prix des voitures en Alg\u00e9rie qui a explos\u00e9 ces derni\u00e8res ann\u00e9es. Pour Ferhat Ait Ali, la solution est de produire les v\u00e9hicules localement et [&hellip;]<\/p>\n","protected":false},"author":1740,"featured_media":0,"comment_status":"closed","ping_status":"closed","sticky":false,"template":"","format":"standard","meta":{"fifu_image_url":"","fifu_image_alt":"","footnotes":""},"categories":[53,76],"tags":[],"class_list":["post-81631","post","type-post","status-publish","format-standard","hentry","category-algerie","category-regions"],"_links":{"self":[{"href":"https:\/\/linitiative.ca\/International\/wp-json\/wp\/v2\/posts\/81631","targetHints":{"allow":["GET"]}}],"collection":[{"href":"https:\/\/linitiative.ca\/International\/wp-json\/wp\/v2\/posts"}],"about":[{"href":"https:\/\/linitiative.ca\/International\/wp-json\/wp\/v2\/types\/post"}],"author":[{"embeddable":true,"href":"https:\/\/linitiative.ca\/International\/wp-json\/wp\/v2\/users\/1740"}],"replies":[{"embeddable":true,"href":"https:\/\/linitiative.ca\/International\/wp-json\/wp\/v2\/comments?post=81631"}],"version-history":[{"count":0,"href":"https:\/\/linitiative.ca\/International\/wp-json\/wp\/v2\/posts\/81631\/revisions"}],"wp:attachment":[{"href":"https:\/\/linitiative.ca\/International\/wp-json\/wp\/v2\/media?parent=81631"}],"wp:term":[{"taxonomy":"category","embeddable":true,"href":"https:\/\/linitiative.ca\/International\/wp-json\/wp\/v2\/categories?post=81631"},{"taxonomy":"post_tag","embeddable":true,"href":"https:\/\/linitiative.ca\/International\/wp-json\/wp\/v2\/tags?post=81631"}],"curies":[{"name":"wp","href":"https:\/\/api.w.org\/{rel}","templated":true}]}}