{"id":81632,"date":"2020-04-08T12:03:00","date_gmt":"2020-04-08T16:03:00","guid":{"rendered":"https:\/\/linitiative.ca\/International\/volkswagen-se-separe-de-sovac-algerie\/"},"modified":"2020-04-08T12:03:00","modified_gmt":"2020-04-08T16:03:00","slug":"volkswagen-se-separe-de-sovac-algerie","status":"publish","type":"post","link":"https:\/\/linitiative.ca\/International\/volkswagen-se-separe-de-sovac-algerie\/","title":{"rendered":"Volkswagen se  s\u00e9pare de SOVAC Alg\u00e9rie"},"content":{"rendered":"<p><br id=\"sep_para_1\" class=\"sep_para access\"\/><\/p>\n<div id=\"para_1\" class=\"para_36386892 resize\">\n<div class=\"texte access firstletter\">Le Groupe Volkswagen se pr\u00e9pare \u00e0 mettre fin \u00e0 son partenariat avec Sovac Alg\u00e9rie qui dure depuis plusieurs ann\u00e9es. Cette d\u00e9cision est prise suite aux recommandations du d\u00e9partement juridique du groupe allemand et des contrats de r\u00e9siliation de repr\u00e9sentation des diff\u00e9rentes marques ont d\u00e9j\u00e0 \u00e9t\u00e9 envoy\u00e9s \u00e0 Sovac a rapport\u00e9 le site sp\u00e9cialis\u00e9 \u00abautoalgerie\u00bb qui cite des sources concordantes. Le souhait de s\u00e9paration est pris par une \u00ab mesure pr\u00e9ventive du Groupe Volkswagen face \u00e0 une situation de flou qui entoure ses perspectives en Alg\u00e9rie, ce qui laisse la porte ouverte \u00e0 une reprise des relations commerciales une fois les doutes lev\u00e9s \u00bb ajoute la m\u00eame source. Toutefois, le groupe allemand laisse une chance \u00e0 son partenaire, au moins jusqu\u2019au mars 2021, tout en esp\u00e9rant que les choses s\u2019\u00e9claircissent pour Sovac. Cette dur\u00e9e est aussi n\u00e9cessaire pour le partenaire alg\u00e9rien, pour faire face aux besoins de la client\u00e8le en ce qui concerne la prise en charge des v\u00e9hicules en service apr\u00e8s-vente. Cette mesure lui permettra aussi d\u2019assurer la garantie constructeur de plusieurs centaines de clients qui est toujours valable pour au moins trois ans, ajoutant \u00e0 cela les livraisons de cette ann\u00e9e suite au d\u00e9douanement des 1500 kits SKD-CKD qui attendent d\u2019\u00eatre assembl\u00e9s au sein de Sovac Production pr\u00e9cise encore la m\u00eame source.<\/div>\n<\/div>\n<p>Auteur: R\u00e9flexion<br \/>\n<a href=\"https:\/\/www.reflexiondz.net\/Volkswagen-se-separe-de-SOVAC-Algerie_a61864.html\">Cliquez ici pour lire l&rsquo;article depuis sa source.<\/a><\/p>\n","protected":false},"excerpt":{"rendered":"<p>Le Groupe Volkswagen se pr\u00e9pare \u00e0 mettre fin \u00e0 son partenariat avec Sovac Alg\u00e9rie qui dure depuis plusieurs ann\u00e9es. Cette d\u00e9cision est prise suite aux recommandations du d\u00e9partement juridique du groupe allemand et des contrats de r\u00e9siliation de repr\u00e9sentation des diff\u00e9rentes marques ont d\u00e9j\u00e0 \u00e9t\u00e9 envoy\u00e9s \u00e0 Sovac a rapport\u00e9 le site sp\u00e9cialis\u00e9 \u00abautoalgerie\u00bb qui [&hellip;]<\/p>\n","protected":false},"author":1740,"featured_media":0,"comment_status":"closed","ping_status":"closed","sticky":false,"template":"","format":"standard","meta":{"fifu_image_url":"","fifu_image_alt":"","footnotes":""},"categories":[53,76],"tags":[],"class_list":["post-81632","post","type-post","status-publish","format-standard","hentry","category-algerie","category-regions"],"_links":{"self":[{"href":"https:\/\/linitiative.ca\/International\/wp-json\/wp\/v2\/posts\/81632","targetHints":{"allow":["GET"]}}],"collection":[{"href":"https:\/\/linitiative.ca\/International\/wp-json\/wp\/v2\/posts"}],"about":[{"href":"https:\/\/linitiative.ca\/International\/wp-json\/wp\/v2\/types\/post"}],"author":[{"embeddable":true,"href":"https:\/\/linitiative.ca\/International\/wp-json\/wp\/v2\/users\/1740"}],"replies":[{"embeddable":true,"href":"https:\/\/linitiative.ca\/International\/wp-json\/wp\/v2\/comments?post=81632"}],"version-history":[{"count":0,"href":"https:\/\/linitiative.ca\/International\/wp-json\/wp\/v2\/posts\/81632\/revisions"}],"wp:attachment":[{"href":"https:\/\/linitiative.ca\/International\/wp-json\/wp\/v2\/media?parent=81632"}],"wp:term":[{"taxonomy":"category","embeddable":true,"href":"https:\/\/linitiative.ca\/International\/wp-json\/wp\/v2\/categories?post=81632"},{"taxonomy":"post_tag","embeddable":true,"href":"https:\/\/linitiative.ca\/International\/wp-json\/wp\/v2\/tags?post=81632"}],"curies":[{"name":"wp","href":"https:\/\/api.w.org\/{rel}","templated":true}]}}