{"id":81633,"date":"2020-04-08T12:03:00","date_gmt":"2020-04-08T16:03:00","guid":{"rendered":"https:\/\/linitiative.ca\/International\/boumerdes-demantelement-dun-reseau-criminel\/"},"modified":"2020-04-08T12:03:00","modified_gmt":"2020-04-08T16:03:00","slug":"boumerdes-demantelement-dun-reseau-criminel","status":"publish","type":"post","link":"https:\/\/linitiative.ca\/International\/boumerdes-demantelement-dun-reseau-criminel\/","title":{"rendered":"BOUMERDES : D\u00e9mant\u00e8lement  d\u2019un r\u00e9seau criminel"},"content":{"rendered":"<p><br id=\"sep_para_1\" class=\"sep_para access\"\/><\/p>\n<div id=\"para_1\" class=\"para_36386884 resize\">\n<div class=\"texte access firstletter\">Les services de la s\u00fbret\u00e9 de wilaya de Boumerdes ont neutralis\u00e9 un r\u00e9seau criminel (constitu\u00e9 de six \u00e9l\u00e9ments), ayant kidnapp\u00e9 un jeune aux Issers (Est de Boumerdes), avant de l\u2019assassiner \u00e0 Sidi Bel Abb\u00e8s, apr\u00e8s l\u2019avoir d\u00e9lest\u00e9 de son v\u00e9hicule. Selon le commissaire de police Krimo Touati responsable de la cellule de communication de la s\u00fbret\u00e9 de wilaya, il s\u2019agit de la mise hors d\u2019\u00e9tat de nuire d\u2019un groupe de malfaiteurs (\u00e2g\u00e9s entre 32 et 38 ans), originaires des wilayas d\u2019Alger, Sidi Bel Abb\u00e8s, Mila, Oran et Boumerdes, suite \u00e0 une plainte d\u00e9pos\u00e9e par une famille des Issers portant sur la disparition de leur fils de 23 ans. Les investigations men\u00e9e, \u00e0 ce propos, ont permis, a-t-il ajout\u00e9, l\u2019arrestation d\u2019un \u00e9l\u00e9ment de ce r\u00e9seau \u00e0 Boumerdes, dont les aveux ont abouti \u00e0 l\u2019arrestation du reste de la bande, dans leurs wilayas d\u2019origine. Le commissaire a signal\u00e9 que les pr\u00e9venus arr\u00eat\u00e9s ont avou\u00e9 avoir attir\u00e9 la victime vers le lac \u00ab\u00a0Sidi Mhamed Ben Ali\u00a0\u00bb de la wilaya de Sidi Bel Abbes, o\u00f9 il se trouvait en voyage pour des raisons personnelles. Suite \u00e0 quoi ils l\u2019ont assassin\u00e9, apr\u00e8s l\u2019avoir d\u00e9lest\u00e9 de son v\u00e9hicule, qu\u2019ils ont vendu, pour se partager l\u2019argent de la vente, ont-ils ajout\u00e9. Les mis en cause dans cette affaire, tous des r\u00e9cidivistes, ont \u00e9t\u00e9 pr\u00e9sent\u00e9s aux autorit\u00e9s judiciaires comp\u00e9tentes, est-il pr\u00e9cis\u00e9 de m\u00eame source.\u00a0\u00a0<\/div>\n<\/div>\n<p>Auteur: Nadine<br \/>\n<a href=\"https:\/\/www.reflexiondz.net\/BOUMERDES-Demantelement-d-un-reseau-criminel_a61863.html\">Cliquez ici pour lire l&rsquo;article depuis sa source.<\/a><\/p>\n","protected":false},"excerpt":{"rendered":"<p>Les services de la s\u00fbret\u00e9 de wilaya de Boumerdes ont neutralis\u00e9 un r\u00e9seau criminel (constitu\u00e9 de six \u00e9l\u00e9ments), ayant kidnapp\u00e9 un jeune aux Issers (Est de Boumerdes), avant de l\u2019assassiner \u00e0 Sidi Bel Abb\u00e8s, apr\u00e8s l\u2019avoir d\u00e9lest\u00e9 de son v\u00e9hicule. Selon le commissaire de police Krimo Touati responsable de la cellule de communication de la [&hellip;]<\/p>\n","protected":false},"author":1740,"featured_media":0,"comment_status":"closed","ping_status":"closed","sticky":false,"template":"","format":"standard","meta":{"fifu_image_url":"","fifu_image_alt":"","footnotes":""},"categories":[53,76],"tags":[],"class_list":["post-81633","post","type-post","status-publish","format-standard","hentry","category-algerie","category-regions"],"_links":{"self":[{"href":"https:\/\/linitiative.ca\/International\/wp-json\/wp\/v2\/posts\/81633","targetHints":{"allow":["GET"]}}],"collection":[{"href":"https:\/\/linitiative.ca\/International\/wp-json\/wp\/v2\/posts"}],"about":[{"href":"https:\/\/linitiative.ca\/International\/wp-json\/wp\/v2\/types\/post"}],"author":[{"embeddable":true,"href":"https:\/\/linitiative.ca\/International\/wp-json\/wp\/v2\/users\/1740"}],"replies":[{"embeddable":true,"href":"https:\/\/linitiative.ca\/International\/wp-json\/wp\/v2\/comments?post=81633"}],"version-history":[{"count":0,"href":"https:\/\/linitiative.ca\/International\/wp-json\/wp\/v2\/posts\/81633\/revisions"}],"wp:attachment":[{"href":"https:\/\/linitiative.ca\/International\/wp-json\/wp\/v2\/media?parent=81633"}],"wp:term":[{"taxonomy":"category","embeddable":true,"href":"https:\/\/linitiative.ca\/International\/wp-json\/wp\/v2\/categories?post=81633"},{"taxonomy":"post_tag","embeddable":true,"href":"https:\/\/linitiative.ca\/International\/wp-json\/wp\/v2\/tags?post=81633"}],"curies":[{"name":"wp","href":"https:\/\/api.w.org\/{rel}","templated":true}]}}