{"id":81634,"date":"2020-04-07T15:05:00","date_gmt":"2020-04-07T19:05:00","guid":{"rendered":"https:\/\/linitiative.ca\/International\/covid-19-lurgence-pour-des-reformes-economiques-profondes\/"},"modified":"2020-04-07T15:05:00","modified_gmt":"2020-04-07T19:05:00","slug":"covid-19-lurgence-pour-des-reformes-economiques-profondes","status":"publish","type":"post","link":"https:\/\/linitiative.ca\/International\/covid-19-lurgence-pour-des-reformes-economiques-profondes\/","title":{"rendered":"Covid-19 : L&rsquo;urgence pour des r\u00e9formes \u00e9conomiques profondes"},"content":{"rendered":"<p><br class=\"autobr\"\/><strong>L\u2019\u00e9conomie alg\u00e9rienne, d\u00e9j\u00e0 fragilis\u00e9e structurellement, subit les effets de la crise sanitaire mais surtout les effets de la chute drastique des prix du p\u00e9trole, principale source des revenus en devises.<\/strong><\/p>\n<p><br class=\"autobr\"\/><br \/>\nMais cela peut bien constituer une opportunit\u00e9 historique pour le pays, afin de r\u00e9fl\u00e9chir \u00e0 une nouvelle vision \u00e9conomique, et ainsi reconstruire une \u00e9conomie r\u00e9elle \u00e0 travers des r\u00e9formes profondes, susceptibles de rendre l\u2019Alg\u00e9rie un acteur r\u00e9gional.<\/p>\n<p><br class=\"autobr\"\/><br \/>\nAujourd\u2019hui, la r\u00e9alit\u00e9 am\u00e8re est l\u00e0. L\u2019\u00e9conomie alg\u00e9rienne qui est d\u00e9pendante de la rente p\u00e9troli\u00e8re subira, \u00e0 coup s\u00fbr, les cons\u00e9quences de la chute du prix de l\u2019or noir, caus\u00e9e par la baisse importante de la demande mondiale en raison de la propagation du Covid-19 et accentu\u00e9e par la guerre des prix entre l\u2019Arabie Saoudite et la Russie. Cette r\u00e9alit\u00e9 rend l\u2019Alg\u00e9rie dans un \u00e9tat de sant\u00e9 tr\u00e8s fragile. Cette situation est l\u00e0 pour rappeler aux autorit\u00e9s l\u2019urgence de faire sortir le pays de sa d\u00e9pendance des hydrocarbures en engageant des r\u00e9formes profondes, estiment des experts<\/p>\n<p><br class=\"autobr\"\/><br \/>\nC\u2019est d\u2019ailleurs l\u2019avis de l\u2019analyste en \u00e9conomie, Mohamed Ch\u00e9rif Belmihoub, qui affirme que le pays traine ce probl\u00e8me structurel depuis l\u2019ind\u00e9pendance. S\u2019exprimant sur les ondes de la radio nationale, il a indiqu\u00e9 que l\u2019Alg\u00e9rie doit faire sortir les hydrocarbures et ses rentr\u00e9es en devises de son plan de d\u00e9veloppement.<\/p>\n<blockquote readability=\"12\">\n<p><br class=\"autobr\"\/><em><strong><span class=\"c5\">\u00ab\u00a0Il faut faire en sorte que le p\u00e9trole ne soit pas le levier de la croissance\u00a0\u00bb, a-t-il pr\u00e9cis\u00e9, soulignant la n\u00e9cessit\u00e9 de comprendre ces enjeux. \u00ab\u00a0Si on ne comprend pas ces enjeux \u00e7a ne sert \u00e0 rien de l\u00e9gif\u00e9rer\u00a0\u00bb, a-t-il ajout\u00e9, affirmant que l\u2019Alg\u00e9rie peut construire une \u00e9conomie forte capable d\u2019\u00eatre un acteur r\u00e9gional.<\/span><\/strong><\/em><\/p>\n<\/blockquote>\n<p><br class=\"autobr\"\/><br \/>\nSur cette crise sanitaire, il estime qu\u2019elle pourrait repr\u00e9senter, pour des pays \u00e9mergents comme l\u2019Alg\u00e9rie, une opportunit\u00e9 de r\u00e9fl\u00e9chir \u00e0 l\u2019id\u00e9e d\u2019une nouvelle vision \u00e9conomique.<\/p>\n<p><br class=\"autobr\"\/><br \/>\nSouvent \u00e9voqu\u00e9, mais jamais r\u00e9alis\u00e9 sur le terrain, le moment est peut \u00eatre venu pour que l\u2019Alg\u00e9rie se d\u00e9barrasse de sa d\u00e9pendance des hydrocarbures en exploitant cette double crise, \u00e9nerg\u00e9tique et sanitaire.<\/p>\n<p><br class=\"autobr\"\/><br \/>\nCes recommandations rejoignent celles du pr\u00e9sident du Conseil national \u00e9conomique et social, Redha Tir. \u00ab\u00a0L\u2019Alg\u00e9rie doit exploiter la double crise actuelle pour engager des r\u00e9formes \u00e9conomiques et financi\u00e8res profondes\u00a0\u00bb, avait-il indiqu\u00e9, r\u00e9cemment, lors d\u2019un point de presse. Il avait fait savoir que l\u2019Alg\u00e9rie doit avoir une vision juste sur le plan \u00e9conomique prenant en consid\u00e9ration ce nouveau paradigme, marqu\u00e9 par une double crise.<\/p>\n<p><br class=\"autobr\"\/><br \/>\nPar ailleurs, Belmihoub a \u00e9voqu\u00e9 les cons\u00e9quences de cette crise sanitaire sur les grandes \u00e9conomies mondiales. Selon lui, le capitalisme mondial, pour avoir pris l\u2019habitude de se renouveler apr\u00e8s chaque crise de grande ampleur, ne sera pas aussi affect\u00e9 que pr\u00e9vu. La crise ne va pas, pr\u00e9cise-t-il, transformer le capitalisme, mais vraisemblablement amener \u00e0 des changements dans les rapports entre les pays au plan \u00e9conomique. Cependant, il dit craindre que cette crise ne marque l\u2019\u00e9mergence de syst\u00e8mes nationalistes avec leurs risques de violences extr\u00eames.<\/p>\n<p>Auteur: Boudjedri<br \/>\n<a href=\"http:\/\/www.jeune-independant.net\/L-urgence-pour-des-reformes.html\">Cliquez ici pour lire l&rsquo;article depuis sa source.<\/a><\/p>\n","protected":false},"excerpt":{"rendered":"<p>L\u2019\u00e9conomie alg\u00e9rienne, d\u00e9j\u00e0 fragilis\u00e9e structurellement, subit les effets de la crise sanitaire mais surtout les effets de la chute drastique des prix du p\u00e9trole, principale source des revenus en devises. Mais cela peut bien constituer une opportunit\u00e9 historique pour le pays, afin de r\u00e9fl\u00e9chir \u00e0 une nouvelle vision \u00e9conomique, et ainsi reconstruire une \u00e9conomie r\u00e9elle [&hellip;]<\/p>\n","protected":false},"author":1737,"featured_media":0,"comment_status":"closed","ping_status":"closed","sticky":false,"template":"","format":"standard","meta":{"fifu_image_url":"","fifu_image_alt":"","footnotes":""},"categories":[73,53],"tags":[],"class_list":["post-81634","post","type-post","status-publish","format-standard","hentry","category-actualite","category-algerie"],"_links":{"self":[{"href":"https:\/\/linitiative.ca\/International\/wp-json\/wp\/v2\/posts\/81634","targetHints":{"allow":["GET"]}}],"collection":[{"href":"https:\/\/linitiative.ca\/International\/wp-json\/wp\/v2\/posts"}],"about":[{"href":"https:\/\/linitiative.ca\/International\/wp-json\/wp\/v2\/types\/post"}],"author":[{"embeddable":true,"href":"https:\/\/linitiative.ca\/International\/wp-json\/wp\/v2\/users\/1737"}],"replies":[{"embeddable":true,"href":"https:\/\/linitiative.ca\/International\/wp-json\/wp\/v2\/comments?post=81634"}],"version-history":[{"count":0,"href":"https:\/\/linitiative.ca\/International\/wp-json\/wp\/v2\/posts\/81634\/revisions"}],"wp:attachment":[{"href":"https:\/\/linitiative.ca\/International\/wp-json\/wp\/v2\/media?parent=81634"}],"wp:term":[{"taxonomy":"category","embeddable":true,"href":"https:\/\/linitiative.ca\/International\/wp-json\/wp\/v2\/categories?post=81634"},{"taxonomy":"post_tag","embeddable":true,"href":"https:\/\/linitiative.ca\/International\/wp-json\/wp\/v2\/tags?post=81634"}],"curies":[{"name":"wp","href":"https:\/\/api.w.org\/{rel}","templated":true}]}}