{"id":81635,"date":"2020-04-07T15:17:00","date_gmt":"2020-04-07T19:17:00","guid":{"rendered":"https:\/\/linitiative.ca\/International\/une-quarantaine-de-licence-octroyee-ruee-sur-la-fabrication-du-gel-hydro-alcoolique\/"},"modified":"2020-04-07T15:17:00","modified_gmt":"2020-04-07T19:17:00","slug":"une-quarantaine-de-licence-octroyee-ruee-sur-la-fabrication-du-gel-hydro-alcoolique","status":"publish","type":"post","link":"https:\/\/linitiative.ca\/International\/une-quarantaine-de-licence-octroyee-ruee-sur-la-fabrication-du-gel-hydro-alcoolique\/","title":{"rendered":"Une quarantaine de licence octroy\u00e9e : Ru\u00e9e sur la fabrication du gel hydro-alcoolique"},"content":{"rendered":"<p><br class=\"autobr\"\/><strong>Le minist\u00e8re du Commerce a accord\u00e9, ces dix derniers jours, 37 licences de production de gel hydro-alcoolique \u00e0 des entreprises fabricantes de ce produit tr\u00e8s sollicit\u00e9 ces derniers temps.<\/strong><\/p>\n<p><br class=\"autobr\"\/><br \/>\nL\u2019objectif \u00e9tant de satisfaire la demande nationale en termes de solutions d\u00e9sinfectantes et de pr\u00e9vention contre le Covid-19, mais aussi de contr\u00f4ler leur fabrication et leur conformit\u00e9 aux normes \u00e9tablies. C\u2019est ce qu\u2019a affirm\u00e9 ce mardi le ministre du Commerce Kamel Rezig.<\/p>\n<p><br class=\"autobr\"\/><br \/>\nCette activit\u00e9 est devenue tellement sensible que le d\u00e9partement de Rezig veut la mettre sous sa loupe, notamment avec le risque de la prolif\u00e9ration de la contrefa\u00e7on et des manipulations chimiques dans sa composition des solutions antimicrobiennes. \u00ab\u00a0Le secteur du Commerce attache une grande importance au contr\u00f4le des produits destin\u00e9s \u00e0 la st\u00e9rilisation et \u00e0 la d\u00e9sinfection pour faire face \u00e0 la pand\u00e9mie, notamment en ce qui concerne le gel hydroalcoolique\u00a0\u00bb, a indiqu\u00e9 M.\u00a0Rezig.<\/p>\n<p><br class=\"autobr\"\/><br \/>\nIl a appel\u00e9 les petites et moyennes entreprises (PME) actives dans la production de ce produit, \u00e0 titre gracieux ou pour la vente, \u00e0 se pr\u00e9senter aux services du minist\u00e8re du Commerce au niveau des 48 wilayas \u00e0 l\u2019effet de d\u00e9poser leur demande de licence comprenant une demande administrative et le rapport du laboratoire portant composition du produit ainsi que les documents administratifs de l\u2019entreprise en question. L\u2019op\u00e9ration contribue \u00e0 garantir la qualit\u00e9 et le contr\u00f4le du produit, a soulign\u00e9 le ministre, ajoutant que les entreprises qui ne d\u00e9tiennent pas de licence risquaient des sanctions dissuasives.<\/p>\n<p><br class=\"autobr\"\/><br \/>\nLes services du minist\u00e8re ont contact\u00e9 ainsi certaines entreprises productrices de cette solution pour les inviter \u00e0 r\u00e9gulariser leur situation juridique, \u00e0 m\u00eame de leur permettre de poursuivre leurs activit\u00e9s de mani\u00e8re l\u00e9gale, rel\u00e8ve le ministre.<\/p>\n<blockquote readability=\"10\">\n<p><br class=\"autobr\"\/><em><strong><span class=\"c5\">Et d\u2019\u00e9clairer \u00e0 ce propos\u00a0: \u00ab\u00a0Nous allons temporiser avant d\u2019appliquer la loi car la conjoncture est difficile et le produit est important pour le citoyen, mais nous redoutons la contrefa\u00e7on ou la manipulation de la composante du produit, c\u2019est pourquoi nous avons convoqu\u00e9 les entreprises productrices et leur avons demand\u00e9 de compl\u00e9ter leurs proc\u00e9dures l\u00e9gales\u00a0\u00bb.<\/span><\/strong><\/em><\/p>\n<\/blockquote>\n<p><br class=\"autobr\"\/><br \/>\nS\u2019agissant des masques et gants, le premier responsable du secteur a pr\u00e9cis\u00e9 que leur fabrication n\u2019\u00e9tait pas soumise aux licences du minist\u00e8re du Commerce, mais plut\u00f4t r\u00e9gie par les lois du secteur de la Sant\u00e9 et de l\u2019Industrie pharmaceutique qui contr\u00f4lent leur conformit\u00e9 aux normes en vigueur \u00e0 cet \u00e9gard.<\/p>\n<p><br class=\"autobr\"\/><br \/>\nConcernant le mouvement du commerce ext\u00e9rieur de l\u2019Alg\u00e9rie (import\/ export), le ministre a indiqu\u00e9 qu\u2019il se poursuivait \u00e0 un rythme normal, dans le respect des mesures pr\u00e9ventives rigoureuses appliqu\u00e9es depuis la propagation du nouveau coronavirus. Il a soulign\u00e9 dans ce sens que la d\u00e9cision de fermeture des fronti\u00e8res vise \u00e0 exclure toute tentative de trafic commercial.<\/p>\n<p><br class=\"autobr\"\/><br \/>\nM.\u00a0Rezig a qualifi\u00e9 de \u00ab\u00a0normal\u00a0\u00bb le mouvement commercial des importations et des exportations, \u00e0 l\u2019exception de la d\u00e9cision interdisant l\u2019exportation de certains produits m\u00e9dicaux et alimentaires de \u00ab\u00a0<\/p>\n<p><br class=\"autobr\"\/><br \/>\nmani\u00e8re provisoire\u00a0\u00bb, dont la liste a \u00e9t\u00e9 \u00e9tablie. Cette d\u00e9cision intervient suite \u00e0 ce contexte sanitaire exceptionnel et tend \u00e0 satisfaire les besoins du march\u00e9 national. \u00ab\u00a0Il s\u2019agit d\u2019une mesure prise \u00e0 titre pr\u00e9ventif en cette p\u00e9riode de pand\u00e9mie\u00a0\u00bb, tient \u00e0 rappeler le ministre.<\/p>\n<blockquote readability=\"11\">\n<p><br class=\"autobr\"\/><em><strong><span class=\"c5\">Cette mesure du Premier ministre \u00ab\u00a0n\u2019est pas appliqu\u00e9e avec effet r\u00e9troactif\u00a0\u00bb, a-t-il soulign\u00e9, pr\u00e9cisant que toutes les op\u00e9rations entam\u00e9es avant sa promulgation seront finalis\u00e9es et il y va de m\u00eame pour les transactions effectu\u00e9es avec des pays comme la Tunisie, la Libye et la Mauritanie dans le cadre de conventions sign\u00e9es auparavant.<\/span><\/strong><\/em><\/p>\n<\/blockquote>\n<p><br class=\"autobr\"\/><br \/>\n\u00a0<\/p>\n<p><br class=\"autobr\"\/><br \/>\nRezig a tenu, n\u00e9anmoins, \u00e0 rassurer les citoyens que l\u2019Alg\u00e9rie a import\u00e9 tout ce dont elle a besoin en termes de produits et de marchandises, en tenant compte d\u2019\u00e9ventuel pire sc\u00e9nario de propagation de la pand\u00e9mie.<\/p>\n<p>Auteur: Boudjedri<br \/>\n<a href=\"http:\/\/www.jeune-independant.net\/Une-quarantaine-de-licence.html\">Cliquez ici pour lire l&rsquo;article depuis sa source.<\/a><\/p>\n","protected":false},"excerpt":{"rendered":"<p>Le minist\u00e8re du Commerce a accord\u00e9, ces dix derniers jours, 37 licences de production de gel hydro-alcoolique \u00e0 des entreprises fabricantes de ce produit tr\u00e8s sollicit\u00e9 ces derniers temps. L\u2019objectif \u00e9tant de satisfaire la demande nationale en termes de solutions d\u00e9sinfectantes et de pr\u00e9vention contre le Covid-19, mais aussi de contr\u00f4ler leur fabrication et leur [&hellip;]<\/p>\n","protected":false},"author":1737,"featured_media":0,"comment_status":"closed","ping_status":"closed","sticky":false,"template":"","format":"standard","meta":{"fifu_image_url":"","fifu_image_alt":"","footnotes":""},"categories":[73,53],"tags":[],"class_list":["post-81635","post","type-post","status-publish","format-standard","hentry","category-actualite","category-algerie"],"_links":{"self":[{"href":"https:\/\/linitiative.ca\/International\/wp-json\/wp\/v2\/posts\/81635","targetHints":{"allow":["GET"]}}],"collection":[{"href":"https:\/\/linitiative.ca\/International\/wp-json\/wp\/v2\/posts"}],"about":[{"href":"https:\/\/linitiative.ca\/International\/wp-json\/wp\/v2\/types\/post"}],"author":[{"embeddable":true,"href":"https:\/\/linitiative.ca\/International\/wp-json\/wp\/v2\/users\/1737"}],"replies":[{"embeddable":true,"href":"https:\/\/linitiative.ca\/International\/wp-json\/wp\/v2\/comments?post=81635"}],"version-history":[{"count":0,"href":"https:\/\/linitiative.ca\/International\/wp-json\/wp\/v2\/posts\/81635\/revisions"}],"wp:attachment":[{"href":"https:\/\/linitiative.ca\/International\/wp-json\/wp\/v2\/media?parent=81635"}],"wp:term":[{"taxonomy":"category","embeddable":true,"href":"https:\/\/linitiative.ca\/International\/wp-json\/wp\/v2\/categories?post=81635"},{"taxonomy":"post_tag","embeddable":true,"href":"https:\/\/linitiative.ca\/International\/wp-json\/wp\/v2\/tags?post=81635"}],"curies":[{"name":"wp","href":"https:\/\/api.w.org\/{rel}","templated":true}]}}