{"id":81636,"date":"2020-04-07T15:22:00","date_gmt":"2020-04-07T19:22:00","guid":{"rendered":"https:\/\/linitiative.ca\/International\/des-operations-de-solidarite-en-faveur-des-necessiteux\/"},"modified":"2020-04-07T15:22:00","modified_gmt":"2020-04-07T19:22:00","slug":"des-operations-de-solidarite-en-faveur-des-necessiteux","status":"publish","type":"post","link":"https:\/\/linitiative.ca\/International\/des-operations-de-solidarite-en-faveur-des-necessiteux\/","title":{"rendered":"Des op\u00e9rations de solidarit\u00e9 en faveur des n\u00e9cessiteux"},"content":{"rendered":"<p><strong>Les op\u00e9rations de solidarit\u00e9 et de soutien en faveur les n\u00e9cessiteux et les sans domicile fixe qui ont d\u00e9but\u00e9 avec l\u2019apparition du coronavirus il y a quelques semaines se poursuivent \u00e0 Beja\u00efa.<\/strong><\/p>\n<p>Elles ciblent \u00e9galement les travailleurs journaliers d\u00e9sormais incapables de subvenir, au quotidien, aux besoins de leurs familles. Les op\u00e9rations de solidarit\u00e9 vont crescendo \u00e0 moins de 15 jours du d\u00e9but du mois de Ramadhan qui pr\u00e9vu le 24 ou le 25 avril. Ces actions sont men\u00e9es quotidiennement, dans les quatre coins de la wilaya par les APC, le mouvement associatif, la direction de l\u2019action sociale, des citoyens volontaires entre autres. A Tazmalt, une cellule de coordination a \u00e9t\u00e9 mise en place afin de collecter des vivres pour les distribuer aux d\u00e9munies.<\/p>\n<p>Quelques 350 sacs de semoule ont \u00e9t\u00e9 distribu\u00e9s, avant-hier, aux familles inscrites sur les listes des n\u00e9cessiteux. Une seconde distribution de 245 sacs de semoule a eu lieu hier pour les familles port\u00e9es sur la m\u00eame liste. Cette action a \u00e9t\u00e9 prise en charge par l\u2019association \u00ab\u00a0Main tendue\u00a0\u00bb dans le but d\u2019\u00e9viter le regroupement des familles dans les diff\u00e9rentes point de vente de semoule, selon ses animateurs.<\/p>\n<p>En outre, une caravane de solidarit\u00e9 a \u00e9t\u00e9 lanc\u00e9e en faveur des populations des zones recul\u00e9es ces derniers jours. Elle a \u00e9t\u00e9 entam\u00e9e \u00e0 la commune de B\u00e9ni Ma\u00e2ouche par les services de la direction sociale de l\u2019APC qui a achemin\u00e9 des colis alimentaires en faveur des familles n\u00e9cessiteuses de la localit\u00e9. La caravane a achemin\u00e9s des produits alimentaires, des couvertures et des matelas.<\/p>\n<p>De son c\u00f4t\u00e9, l\u2019association \u00ab\u00a0T\u00e2aoun a\u00e2la el bir wa ettaqua\u00a0\u00bb (Entraide dans l\u2019accomplissement des bonnes \u0153uvres et de la pi\u00e9t\u00e9) a collect\u00e9 aussi des produits alimentaires en vue de les distribuer aux familles dans le besoin notamment les travailleurs journaliers ou les ch\u00f4meurs.<\/p>\n<p>La collecte des vivres se poursuit toujours \u00e0 travers les quatre coins de la wilaya et devrait s\u2019accentuer \u00e0 l\u2019approche du mois du Ramadhan.<\/p>\n<p>Auteur: Boudjedri<br \/>\n<a href=\"http:\/\/www.jeune-independant.net\/Des-operations-de-solidarite-en.html\">Cliquez ici pour lire l&rsquo;article depuis sa source.<\/a><\/p>\n","protected":false},"excerpt":{"rendered":"<p>Les op\u00e9rations de solidarit\u00e9 et de soutien en faveur les n\u00e9cessiteux et les sans domicile fixe qui ont d\u00e9but\u00e9 avec l\u2019apparition du coronavirus il y a quelques semaines se poursuivent \u00e0 Beja\u00efa. Elles ciblent \u00e9galement les travailleurs journaliers d\u00e9sormais incapables de subvenir, au quotidien, aux besoins de leurs familles. Les op\u00e9rations de solidarit\u00e9 vont crescendo [&hellip;]<\/p>\n","protected":false},"author":1737,"featured_media":0,"comment_status":"closed","ping_status":"closed","sticky":false,"template":"","format":"standard","meta":{"fifu_image_url":"","fifu_image_alt":"","footnotes":""},"categories":[73,53],"tags":[],"class_list":["post-81636","post","type-post","status-publish","format-standard","hentry","category-actualite","category-algerie"],"_links":{"self":[{"href":"https:\/\/linitiative.ca\/International\/wp-json\/wp\/v2\/posts\/81636","targetHints":{"allow":["GET"]}}],"collection":[{"href":"https:\/\/linitiative.ca\/International\/wp-json\/wp\/v2\/posts"}],"about":[{"href":"https:\/\/linitiative.ca\/International\/wp-json\/wp\/v2\/types\/post"}],"author":[{"embeddable":true,"href":"https:\/\/linitiative.ca\/International\/wp-json\/wp\/v2\/users\/1737"}],"replies":[{"embeddable":true,"href":"https:\/\/linitiative.ca\/International\/wp-json\/wp\/v2\/comments?post=81636"}],"version-history":[{"count":0,"href":"https:\/\/linitiative.ca\/International\/wp-json\/wp\/v2\/posts\/81636\/revisions"}],"wp:attachment":[{"href":"https:\/\/linitiative.ca\/International\/wp-json\/wp\/v2\/media?parent=81636"}],"wp:term":[{"taxonomy":"category","embeddable":true,"href":"https:\/\/linitiative.ca\/International\/wp-json\/wp\/v2\/categories?post=81636"},{"taxonomy":"post_tag","embeddable":true,"href":"https:\/\/linitiative.ca\/International\/wp-json\/wp\/v2\/tags?post=81636"}],"curies":[{"name":"wp","href":"https:\/\/api.w.org\/{rel}","templated":true}]}}