{"id":81639,"date":"2020-04-07T21:53:34","date_gmt":"2020-04-08T01:53:34","guid":{"rendered":"https:\/\/linitiative.ca\/International\/le-fondateur-de-twitter-donne-un-milliard-de-dollars-pour-lutter-contre-le-covid-19\/"},"modified":"2020-04-07T21:53:34","modified_gmt":"2020-04-08T01:53:34","slug":"le-fondateur-de-twitter-donne-un-milliard-de-dollars-pour-lutter-contre-le-covid-19","status":"publish","type":"post","link":"https:\/\/linitiative.ca\/International\/le-fondateur-de-twitter-donne-un-milliard-de-dollars-pour-lutter-contre-le-covid-19\/","title":{"rendered":"Le fondateur de Twitter donne un milliard de dollars pour lutter contre le Covid-19"},"content":{"rendered":"<p>Le fondateur et patron de Twitter, Jack Dorsey, a annonc\u00e9 mardi qu\u2019il ferait un don de un milliard de dollars d\u2019actions de son autre soci\u00e9t\u00e9, Square, pour participer \u00e0 la lutte contre la pand\u00e9mie de coronavirus qui a touch\u00e9 plus de 1.430.000 personnes dans le monde dont plus de 400.000 aux Etats-Unis.<br \/>Dans un message post\u00e9 sur le r\u00e9seau social, il explique que la somme repr\u00e9sente 28% de sa fortune.<br \/>\u00ab\u00a0Quand nous aurons d\u00e9samorc\u00e9 cette pand\u00e9mie, les fonds seront orient\u00e9s vers la sant\u00e9 et l\u2019\u00e9ducation des filles, ainsi que le revenu universel\u00a0\u00bb, pr\u00e9cise-t-il.<\/p>\n<p>Auteur: Boudjedri<br \/>\n<a href=\"http:\/\/www.jeune-independant.net\/Le-fondateur-de-Twitter-donne-un.html\">Cliquez ici pour lire l&rsquo;article depuis sa source.<\/a><\/p>\n","protected":false},"excerpt":{"rendered":"<p>Le fondateur et patron de Twitter, Jack Dorsey, a annonc\u00e9 mardi qu\u2019il ferait un don de un milliard de dollars d\u2019actions de son autre soci\u00e9t\u00e9, Square, pour participer \u00e0 la lutte contre la pand\u00e9mie de coronavirus qui a touch\u00e9 plus de 1.430.000 personnes dans le monde dont plus de 400.000 aux Etats-Unis.Dans un message post\u00e9 [&hellip;]<\/p>\n","protected":false},"author":1737,"featured_media":0,"comment_status":"closed","ping_status":"closed","sticky":false,"template":"","format":"standard","meta":{"fifu_image_url":"","fifu_image_alt":"","footnotes":""},"categories":[73,53],"tags":[],"class_list":["post-81639","post","type-post","status-publish","format-standard","hentry","category-actualite","category-algerie"],"_links":{"self":[{"href":"https:\/\/linitiative.ca\/International\/wp-json\/wp\/v2\/posts\/81639","targetHints":{"allow":["GET"]}}],"collection":[{"href":"https:\/\/linitiative.ca\/International\/wp-json\/wp\/v2\/posts"}],"about":[{"href":"https:\/\/linitiative.ca\/International\/wp-json\/wp\/v2\/types\/post"}],"author":[{"embeddable":true,"href":"https:\/\/linitiative.ca\/International\/wp-json\/wp\/v2\/users\/1737"}],"replies":[{"embeddable":true,"href":"https:\/\/linitiative.ca\/International\/wp-json\/wp\/v2\/comments?post=81639"}],"version-history":[{"count":0,"href":"https:\/\/linitiative.ca\/International\/wp-json\/wp\/v2\/posts\/81639\/revisions"}],"wp:attachment":[{"href":"https:\/\/linitiative.ca\/International\/wp-json\/wp\/v2\/media?parent=81639"}],"wp:term":[{"taxonomy":"category","embeddable":true,"href":"https:\/\/linitiative.ca\/International\/wp-json\/wp\/v2\/categories?post=81639"},{"taxonomy":"post_tag","embeddable":true,"href":"https:\/\/linitiative.ca\/International\/wp-json\/wp\/v2\/tags?post=81639"}],"curies":[{"name":"wp","href":"https:\/\/api.w.org\/{rel}","templated":true}]}}