{"id":81641,"date":"2020-04-08T07:35:00","date_gmt":"2020-04-08T11:35:00","guid":{"rendered":"https:\/\/linitiative.ca\/International\/le-sommet-de-tunis-de-la-francophonie-sera-t-il-repousse-a-2021\/"},"modified":"2020-04-08T07:35:00","modified_gmt":"2020-04-08T11:35:00","slug":"le-sommet-de-tunis-de-la-francophonie-sera-t-il-repousse-a-2021","status":"publish","type":"post","link":"https:\/\/linitiative.ca\/International\/le-sommet-de-tunis-de-la-francophonie-sera-t-il-repousse-a-2021\/","title":{"rendered":"Le sommet de Tunis de la Francophonie sera-t-il repouss\u00e9 \u00e0 2021 ?"},"content":{"rendered":"<p>Tous esp\u00e8rent pouvoir croire qu\u2019il se tiendra \u00e0 Tunis, \u00e0 sa date initialement pr\u00e9vue, les 12 et 13 d\u00e9cembre prochain. Le 18\u00e8me sommet mondial de la Francophonie, marquant la c\u00e9l\u00e9bration du 50\u00e8me anniversaire de la cr\u00e9ation de l\u2019Organisation internationale de la Francophonie (Niamey, 20 mars 1970), risque de faire, provisoirement, les frais du Covid-19. Si aucune d\u00e9cision n\u2019a jusque-l\u00e0 \u00e9t\u00e9 prise quant \u00e0 son \u00e9ventuel report \u00e0 l\u2019ann\u00e9e prochaine 2021, \u00ab\u00a0tout est envisag\u00e9\u00a0\u00bb, apprend <span class=\"c2\"><strong>Leaders<\/strong><\/span> de bonne source \u00e0 Paris. Repousser le sommet ou le maintenir\u00a0: les deux options sont \u00e0 la concertation entre l\u2019Arm\u00e9nie qui assure la pr\u00e9sidence de l\u2019OIF, ayant abrit\u00e9 le dernier sommet (Erevan, octobre 2018), la Tunisie choisie en 2106 au sommet de Madagascar l\u2019accueillir et le secr\u00e9tariat g\u00e9n\u00e9ral de l\u2019Organisation. L\u2019OIF compte 88 \u00e9tats et gouvernements membres (54 membres, 7 membres associ\u00e9s et 27 membres observateurs).<\/p>\n<p>Le report de trois \u00e9v\u00e8nements mondiaux majeurs, donne \u00e0 r\u00e9fl\u00e9chir. Il s\u2019agit des Jeux Olympiques de Tokyo, d\u00e9cal\u00e9s au 23 juillet -8 ao\u00fbt 2021,\u00a0soit un an apr\u00e8s la date initiale (24\u00a0juillet\u00a0&#8211; 9\u00a0ao\u00fbt\u00a02020), de l\u2019Exposition universelle Duba\u00ef 2020, pr\u00e9vue pendant six mois \u00e0 partir d\u2019octobre prochain et serait report\u00e9e d\u2019octobre 2021 \u00e0 mars 2022, sous r\u00e9serve de l\u2019approbation ces jours-ci du Bureau International des Expositions (BIE) et de la conf\u00e9rence COP 26 sur le climat, programm\u00e9e \u00e0 Glasgow du 9 au 19 novembre 2020, repouss\u00e9e en 2021.<\/p>\n<p>Pour le sommet de Tunis de la Francophonie, rien n\u2019a filtr\u00e9. Un communiqu\u00e9 du minist\u00e8re des Affaires \u00e9trang\u00e8res mentionne une conversation t\u00e9l\u00e9phonique qui a eu lieu hier mardi entre le ministre et la secr\u00e9taire g\u00e9n\u00e9rale de l\u2019OIF, Louise Mushikiwabo, sans r\u00e9v\u00e9ler la teneur de leurs entretiens quant au maintien ou non du sommet \u00e0 sa date convenue. Paris, indique que rien de pr\u00e9cis \u00e0 ce sujet n\u2019a \u00e9t\u00e9 \u00e9voqu\u00e9. La question est rest\u00e9e ouverte, ajoute notre source.<\/p>\n<p>L\u2019atermoiement ne sert \u00e0 rien. Il est grand temps que la diplomatie tunisienne engage d\u00e8s-\u00e0-pr\u00e9sent les concertations n\u00e9cessaires et de proposer, sans illusion aucune, la n\u00e9cessit\u00e9 du report du sommet, en avan\u00e7ant une nouvelle date. Cela fera \u00e9conomiser tant d\u2019\u00e9nergies et de frais.<\/p>\n<h2>Raisonnablement\u2026<\/h2>\n<p>Sans se faire d\u2019illusion, le rendez-vous de d\u00e9cembre 2020 serait tr\u00e8s difficile \u00e0 tenir, explique \u00e0 <span class=\"c2\"><strong>Leaders<\/strong><\/span>, face aux perspectives de la propagation actuelle de la pand\u00e9mie. Comment convaincre les dirigeants de 88 \u00e9tats er gouvernements membres de l\u2019OIF de converger vers Tunis \u00e0 la t\u00eate de leurs d\u00e9l\u00e9gations, soit plus de 3500 personnes, dans ces conditions\u00a0? Sans la d\u00e9couverte d\u2019un vaccin av\u00e9r\u00e9 et sa g\u00e9n\u00e9ralisation \u00e0 un taux suffisant, tous les d\u00e9lais risquent d\u2019\u00eatre plus sagement report\u00e9s au second semestre 2021.<\/p>\n<p>Pour la Tunisie, la tenue du sommet, quel qu\u2019en sera la date sera un signal fort de sortie du confinement. Avec le forum \u00e9conomique, les activit\u00e9s parall\u00e8les et tant d\u2019\u00e9v\u00e9nement, il marquera une reprise g\u00e9n\u00e9rale, tant escompt\u00e9e et renouera particuli\u00e8rement les liens avec les pays subsahariens.<\/p>\n<h2>En veilleuse, mais les pr\u00e9paratifs se poursuivent \u2026<\/h2>\n<p>Institutionnellement, le sommet doit se tenir, cette ann\u00e9e ou une autre. La d\u00e9cision finale doit-\u00eatre endoss\u00e9e par les membres, et mentionner la nouvelle date convenue pour 2021. Pour sa part, et malgr\u00e9 le ralentissement g\u00e9n\u00e9ral impos\u00e9 par le confinement, la Tunisie continue \u00e0 \u0153uvrer comme si le Sommet se tiendra bien en d\u00e9cembre prochain. Toutes les invitations ont \u00e9t\u00e9 envoy\u00e9es.<\/p>\n<p>Sans tourner \u00e0 plein r\u00e9gime, le comit\u00e9 national d\u2019organisation, cr\u00e9\u00e9 aupr\u00e8s du minist\u00e8re des Affaires \u00e9trang\u00e8res, (D\u00e9cret n\u00b0 2019-428 du 20 mai 2019), ainsi que ses deux unit\u00e9s sp\u00e9cialis\u00e9es, le comit\u00e9 ex\u00e9cutif, et le comit\u00e9 th\u00e9matique et \u00e9v\u00e9nementiel, maintiennent autant que possible leurs activit\u00e9s. Tout comme pour les six commissions sp\u00e9cialis\u00e9es (arr\u00eat\u00e9 du 12 septembre 2019) charg\u00e9es respectivement de la communication, la s\u00e9curit\u00e9, le protocole et les relations publiques, les affaires administratives et financi\u00e8res, la logistique et la sant\u00e9. Nomm\u00e9 en d\u00e9cembre dernier coordinateur g\u00e9n\u00e9ral, Lassad Ben Lamine en assure le suivi au quotidien. Des r\u00e9unions se tiennent \u00e0 leurs dates fixes \u00e0 la Pr\u00e9sidence de la R\u00e9publique, o\u00f9 des locaux sont affect\u00e9s \u00e0 ces structures, comme lors du Sommet arabe, en mars 2019.<\/p>\n<p><strong>Lire aussi<\/strong><br \/><a href=\"https:\/\/www.leaders.com.tn\/article\/25669-tout-sur-le-xviieme-sommet-de-la-francophonie-qui-s-ouvre-ce-jeudi-a-erevan-en-armenie\" target=\"_blank\" rel=\"noopener noreferrer\">Tout sur le XVII\u00e8me Sommet de la Francophonie qui s\u2019ouvre ce jeudi \u00e0 Erevan en Arm\u00e9nie<\/a><br \/><a href=\"https:\/\/www.leaders.com.tn\/article\/25663-caid-essebsi-sur-les-traces-de-bourguiba-diori-et-senghor-pour-donner-a-la-francophonie-une-autre-dimension\" target=\"_blank\" rel=\"noopener noreferrer\">Ca\u00efd Essebsi, sur les traces de Bourguiba, Diori et Senghor, pour donner \u00e0 la Francophonie une autre dimension<\/a><br \/><a href=\"https:\/\/www.leaders.com.tn\/article\/25678-l-arabie-saoudite-reporte-au-sommet-de-tunis-en-2020-sa-demande-d-adhesion-a-la-francophonie\" target=\"_blank\" rel=\"noopener noreferrer\">L\u2019Arabie Saoudite reporte au Sommet de Tunis en 2020 sa demande d&rsquo;adh\u00e9sion \u00e0 la Francophonie<\/a><\/p>\n<p>Auteur:<br \/>\n<a href=\"https:\/\/www.leaders.com.tn\/article\/29620-le-sommet-de-tunis-de-la-francophonie-sera-t-il-repousse-a-2021\">Cliquez ici pour lire l&rsquo;article depuis sa source.<\/a><\/p>\n","protected":false},"excerpt":{"rendered":"<p>Tous esp\u00e8rent pouvoir croire qu\u2019il se tiendra \u00e0 Tunis, \u00e0 sa date initialement pr\u00e9vue, les 12 et 13 d\u00e9cembre prochain. Le 18\u00e8me sommet mondial de la Francophonie, marquant la c\u00e9l\u00e9bration du 50\u00e8me anniversaire de la cr\u00e9ation de l\u2019Organisation internationale de la Francophonie (Niamey, 20 mars 1970), risque de faire, provisoirement, les frais du Covid-19. Si [&hellip;]<\/p>\n","protected":false},"author":1772,"featured_media":0,"comment_status":"closed","ping_status":"closed","sticky":false,"template":"","format":"standard","meta":{"fifu_image_url":"","fifu_image_alt":"","footnotes":""},"categories":[73,55],"tags":[],"class_list":["post-81641","post","type-post","status-publish","format-standard","hentry","category-actualite","category-tunisie"],"_links":{"self":[{"href":"https:\/\/linitiative.ca\/International\/wp-json\/wp\/v2\/posts\/81641","targetHints":{"allow":["GET"]}}],"collection":[{"href":"https:\/\/linitiative.ca\/International\/wp-json\/wp\/v2\/posts"}],"about":[{"href":"https:\/\/linitiative.ca\/International\/wp-json\/wp\/v2\/types\/post"}],"author":[{"embeddable":true,"href":"https:\/\/linitiative.ca\/International\/wp-json\/wp\/v2\/users\/1772"}],"replies":[{"embeddable":true,"href":"https:\/\/linitiative.ca\/International\/wp-json\/wp\/v2\/comments?post=81641"}],"version-history":[{"count":0,"href":"https:\/\/linitiative.ca\/International\/wp-json\/wp\/v2\/posts\/81641\/revisions"}],"wp:attachment":[{"href":"https:\/\/linitiative.ca\/International\/wp-json\/wp\/v2\/media?parent=81641"}],"wp:term":[{"taxonomy":"category","embeddable":true,"href":"https:\/\/linitiative.ca\/International\/wp-json\/wp\/v2\/categories?post=81641"},{"taxonomy":"post_tag","embeddable":true,"href":"https:\/\/linitiative.ca\/International\/wp-json\/wp\/v2\/tags?post=81641"}],"curies":[{"name":"wp","href":"https:\/\/api.w.org\/{rel}","templated":true}]}}