{"id":81646,"date":"2020-04-08T12:46:12","date_gmt":"2020-04-08T16:46:12","guid":{"rendered":"https:\/\/linitiative.ca\/International\/coronavirus-obligation-de-fournir-des-masques-aux-travailleurs\/"},"modified":"2020-04-08T12:46:12","modified_gmt":"2020-04-08T16:46:12","slug":"coronavirus-obligation-de-fournir-des-masques-aux-travailleurs","status":"publish","type":"post","link":"https:\/\/linitiative.ca\/International\/coronavirus-obligation-de-fournir-des-masques-aux-travailleurs\/","title":{"rendered":"Coronavirus : obligation de fournir des masques aux travailleurs"},"content":{"rendered":"<p><strong>Dans un communiqu\u00e9 conjoint, les minist\u00e8res de la sant\u00e9, de l\u2019Industrie et du Commerce et de l\u2019Economie verte et num\u00e9rique ont d\u00e9clar\u00e9 que dans le cadre des mesures prises pour lutter contre la pand\u00e9mie du coronavirus, les employeurs et les unit\u00e9s industrielles et de production doivent fournir des masques de protection aux travailleurs.<\/strong><\/p>\n<div class=\"c10\"\/>\n<p>Les minist\u00e8res ont appel\u00e9 les employeurs \u00e0 veiller \u00e0 ce que les masques soient chang\u00e9s toutes les quatre heures, afin de pr\u00e9server la s\u00e9curit\u00e9 et la sant\u00e9 des travailleurs.<\/p>\n<p>Le communiqu\u00e9 souligne qu&rsquo;\u00a0\u00bbil faut veiller \u00e0 appliquer toutes les r\u00e8gles \u00e0 suivre par les installations professionnelles d\u00e9livr\u00e9es par le minist\u00e8re de la Sant\u00e9, notamment la propret\u00e9 des lieux de travail et des outils, et \u00e0 assurer une ventilation ad\u00e9quate de tous les espaces de travail\u00a0\u00bb.<\/p>\n<p>Lire aussi : <a href=\"https:\/\/www.challenge.ma\/ce-que-vous-devez-savoir-sur-le-coronavirus-134568\/\" target=\"_blank\" rel=\"noreferrer noopener\" aria-label=\" (s&#x2019;ouvre dans un nouvel onglet)\">Ce que vous devez savoir sur le coronavirus<\/a><\/p>\n<p>Les minist\u00e8res ont tenu \u00e0 rappeler que les employeurs doivent \u00abfournir des mat\u00e9riels et \u00e9quipements de d\u00e9sinfection et de st\u00e9rilisation\u00bb, \u00absensibiliser les employ\u00e9s aux mesures de pr\u00e9vention COVID-19\u00bb et \u00ab\u00a0s\u2019engager \u00e0 prendre des mesures de pr\u00e9caution et pratiques stipul\u00e9es par les autorit\u00e9s sanitaires\u00a0\u00bb.<\/p>\n<div class=\"c17\">\n<fieldset class=\"c16\">\n<legend><strong><span class=\"c11\">Challenge<\/span><span class=\"c12\">news<\/span><\/strong><\/legend>\n<div class=\"c15\">Le meilleur de Challenge s\u00e9lectionn\u00e9 par la r\u00e9daction :<\/p>\n<\/div>\n<\/fieldset>\n<\/div>\n<p>Auteur: Hajar DARI<br \/>\n<a href=\"https:\/\/www.challenge.ma\/coronavirus-obligation-de-fournir-les-masques-aux-travailleurs-136513\/\">Cliquez ici pour lire l&rsquo;article depuis sa source.<\/a><\/p>\n","protected":false},"excerpt":{"rendered":"<p>Dans un communiqu\u00e9 conjoint, les minist\u00e8res de la sant\u00e9, de l\u2019Industrie et du Commerce et de l\u2019Economie verte et num\u00e9rique ont d\u00e9clar\u00e9 que dans le cadre des mesures prises pour lutter contre la pand\u00e9mie du coronavirus, les employeurs et les unit\u00e9s industrielles et de production doivent fournir des masques de protection aux travailleurs. Les minist\u00e8res [&hellip;]<\/p>\n","protected":false},"author":1787,"featured_media":0,"comment_status":"closed","ping_status":"closed","sticky":false,"template":"","format":"standard","meta":{"fifu_image_url":"","fifu_image_alt":"","footnotes":""},"categories":[78,54],"tags":[],"class_list":["post-81646","post","type-post","status-publish","format-standard","hentry","category-economie","category-maroc"],"_links":{"self":[{"href":"https:\/\/linitiative.ca\/International\/wp-json\/wp\/v2\/posts\/81646","targetHints":{"allow":["GET"]}}],"collection":[{"href":"https:\/\/linitiative.ca\/International\/wp-json\/wp\/v2\/posts"}],"about":[{"href":"https:\/\/linitiative.ca\/International\/wp-json\/wp\/v2\/types\/post"}],"author":[{"embeddable":true,"href":"https:\/\/linitiative.ca\/International\/wp-json\/wp\/v2\/users\/1787"}],"replies":[{"embeddable":true,"href":"https:\/\/linitiative.ca\/International\/wp-json\/wp\/v2\/comments?post=81646"}],"version-history":[{"count":0,"href":"https:\/\/linitiative.ca\/International\/wp-json\/wp\/v2\/posts\/81646\/revisions"}],"wp:attachment":[{"href":"https:\/\/linitiative.ca\/International\/wp-json\/wp\/v2\/media?parent=81646"}],"wp:term":[{"taxonomy":"category","embeddable":true,"href":"https:\/\/linitiative.ca\/International\/wp-json\/wp\/v2\/categories?post=81646"},{"taxonomy":"post_tag","embeddable":true,"href":"https:\/\/linitiative.ca\/International\/wp-json\/wp\/v2\/tags?post=81646"}],"curies":[{"name":"wp","href":"https:\/\/api.w.org\/{rel}","templated":true}]}}