{"id":81647,"date":"2020-04-08T13:22:31","date_gmt":"2020-04-08T17:22:31","guid":{"rendered":"https:\/\/linitiative.ca\/International\/91-nouveaux-cas-1275-cas-cumules-ce-mercredi-a-18h-et-97-guerisons\/"},"modified":"2020-04-08T13:22:31","modified_gmt":"2020-04-08T17:22:31","slug":"91-nouveaux-cas-1275-cas-cumules-ce-mercredi-a-18h-et-97-guerisons","status":"publish","type":"post","link":"https:\/\/linitiative.ca\/International\/91-nouveaux-cas-1275-cas-cumules-ce-mercredi-a-18h-et-97-guerisons\/","title":{"rendered":"91 nouveaux cas, 1275 cas cumul\u00e9s ce mercredi \u00e0 18H, et 97 gu\u00e9risons"},"content":{"rendered":"<p>Nouveau bilan du minist\u00e8re de la Sant\u00e9. Les d\u00e9tails.<\/p>\n<div class=\"c10\"\/>\n<p>Le <strong>minist\u00e8re de la Sant\u00e9<\/strong> annonce 91 nouveaux cas ces derni\u00e8res 24 heures, portant le total des cas contamin\u00e9s \u00e0 1275 ce mercredi \u00e0 18H. Trois nouveaux d\u00e9c\u00e8s sont annonc\u00e9s, soit un total de 93. Le nombre des gu\u00e9risons atteint d\u00e9sormais 97.\u00a0 Le minist\u00e8re fait aussi savoir que la majorit\u00e9 des cas de contamination enregistr\u00e9s ces derniers jours sont des cas de contacts\u00a0: 445 cas contamin\u00e9s ont \u00e9t\u00e9 enregistr\u00e9s par les contacts.<\/p>\n<p>Lire aussi: <a href=\"https:\/\/www.challenge.ma\/coronavirus-le-roi-exonere-les-locataires-des-locaux-des-habous-du-paiement-de-loyers-136475\/\">Coronavirus : Le Roi exon\u00e8re les locataires des locaux des Habous du paiement de loyers<\/a><\/p>\n<p>Soulignons que la r\u00e9gion Dakhla-Oued Eddahab enregistre pour la premi\u00e8re fois 2 nouveaux cas positifs. Le minist\u00e8re exhorte les populations \u00e0 respecter strictement les <strong>mesures de pr\u00e9caution<\/strong>, dont le port du masque devenu obligatoire depuis le 7 avril.<\/p>\n<div class=\"c17\">\n<fieldset class=\"c16\">\n<legend><strong><span class=\"c11\">Challenge<\/span><span class=\"c12\">news<\/span><\/strong><\/legend>\n<div class=\"c15\">Le meilleur de Challenge s\u00e9lectionn\u00e9 par la r\u00e9daction :<\/p>\n<\/div>\n<\/fieldset>\n<\/div>\n<p>Auteur: challenge<br \/>\n<a href=\"https:\/\/www.challenge.ma\/91-nouveaux-cas-1275-cas-cumules-ce-mercredi-a-18h-et-97-guerisons-136538\/\">Cliquez ici pour lire l&rsquo;article depuis sa source.<\/a><\/p>\n","protected":false},"excerpt":{"rendered":"<p>Nouveau bilan du minist\u00e8re de la Sant\u00e9. Les d\u00e9tails. Le minist\u00e8re de la Sant\u00e9 annonce 91 nouveaux cas ces derni\u00e8res 24 heures, portant le total des cas contamin\u00e9s \u00e0 1275 ce mercredi \u00e0 18H. Trois nouveaux d\u00e9c\u00e8s sont annonc\u00e9s, soit un total de 93. Le nombre des gu\u00e9risons atteint d\u00e9sormais 97.\u00a0 Le minist\u00e8re fait aussi [&hellip;]<\/p>\n","protected":false},"author":1787,"featured_media":0,"comment_status":"closed","ping_status":"closed","sticky":false,"template":"","format":"standard","meta":{"fifu_image_url":"","fifu_image_alt":"","footnotes":""},"categories":[78,54],"tags":[],"class_list":["post-81647","post","type-post","status-publish","format-standard","hentry","category-economie","category-maroc"],"_links":{"self":[{"href":"https:\/\/linitiative.ca\/International\/wp-json\/wp\/v2\/posts\/81647","targetHints":{"allow":["GET"]}}],"collection":[{"href":"https:\/\/linitiative.ca\/International\/wp-json\/wp\/v2\/posts"}],"about":[{"href":"https:\/\/linitiative.ca\/International\/wp-json\/wp\/v2\/types\/post"}],"author":[{"embeddable":true,"href":"https:\/\/linitiative.ca\/International\/wp-json\/wp\/v2\/users\/1787"}],"replies":[{"embeddable":true,"href":"https:\/\/linitiative.ca\/International\/wp-json\/wp\/v2\/comments?post=81647"}],"version-history":[{"count":0,"href":"https:\/\/linitiative.ca\/International\/wp-json\/wp\/v2\/posts\/81647\/revisions"}],"wp:attachment":[{"href":"https:\/\/linitiative.ca\/International\/wp-json\/wp\/v2\/media?parent=81647"}],"wp:term":[{"taxonomy":"category","embeddable":true,"href":"https:\/\/linitiative.ca\/International\/wp-json\/wp\/v2\/categories?post=81647"},{"taxonomy":"post_tag","embeddable":true,"href":"https:\/\/linitiative.ca\/International\/wp-json\/wp\/v2\/tags?post=81647"}],"curies":[{"name":"wp","href":"https:\/\/api.w.org\/{rel}","templated":true}]}}