{"id":81649,"date":"2020-04-08T14:53:24","date_gmt":"2020-04-08T18:53:24","guid":{"rendered":"https:\/\/linitiative.ca\/International\/coronavirus-la-bei-apporte-son-soutien-au-secteur-prive-marocain\/"},"modified":"2020-04-08T14:53:24","modified_gmt":"2020-04-08T18:53:24","slug":"coronavirus-la-bei-apporte-son-soutien-au-secteur-prive-marocain","status":"publish","type":"post","link":"https:\/\/linitiative.ca\/International\/coronavirus-la-bei-apporte-son-soutien-au-secteur-prive-marocain\/","title":{"rendered":"Coronavirus : la BEI apporte son soutien au secteur priv\u00e9 marocain"},"content":{"rendered":"<p><strong>La Banque europ\u00e9enne d\u2019investissement (BEI) a annonc\u00e9, le 8 avril, un soutien au secteur priv\u00e9 au Maroc via ses lignes de cr\u00e9dit avec les institutions financi\u00e8res marocaines, dont l\u2019encours s\u2019\u00e9l\u00e8ve \u00e0 ce jour \u00e0 440 millions d\u2019euros.<\/strong><\/p>\n<div class=\"c10\"\/>\n<p>La <strong>BEI<\/strong> indique que ces lignes de cr\u00e9dit d\u00e9di\u00e9es au financement du secteur priv\u00e9 seraient en mesure d\u2019apporter les fonds de roulement et les liquidit\u00e9s n\u00e9cessaires aux entreprises pour continuer leur activit\u00e9, dans cette p\u00e9riode difficile. On apprend aussi que parall\u00e8lement \u00e0 cette aide de tr\u00e9sorerie imm\u00e9diate, la BEI a d\u00e9cid\u00e9 d\u2019acc\u00e9l\u00e9rer \u00e0 titre exceptionnel le d\u00e9boursement de pr\u00eats d\u00e9j\u00e0 sign\u00e9s pour soutenir les petites et moyennes entreprises, et se dit \u00ab pr\u00eate \u00e0 renforcer encore son soutien et son expertise au secteur de la sant\u00e9 pour l\u2019acquisition du <strong>mat\u00e9riel m\u00e9dical<\/strong> n\u00e9cessaire et \u00e9galement le renforcement des infrastructures sanitaires\u00bb.<\/p>\n<p>Lire aussi: <a href=\"https:\/\/www.challenge.ma\/big-data-une-arme-efficace-contre-le-coronavirus-136482\/\">Big Data, une arme efficace contre le coronavirus<\/a><\/p>\n<p>\u00ab La BEI est fortement mobilis\u00e9e sur ce <strong>financement<\/strong> et nous sommes d\u00e9j\u00e0 en pourparlers avec le minist\u00e8re et nos partenaires afin de leur apporter tout l\u2019appui n\u00e9cessaire. L\u2019objectif de cette forte mobilisation est de soutenir la mise en place de projets qui puissent aider concr\u00e8tement et rapidement les marocains \u00e0 lutter quotidiennement contre le <strong>Covid-19<\/strong> tant sur le plan \u00e9conomique que sanitaire \u00bb, souligne la BEI.<\/p>\n<p>L\u2019institution financi\u00e8re internationale expliqu\u2019elle s\u2019inscrit dans le cadre du r\u00e9seau \u00ab Team Europe \u00bb qui, \u00e0 l\u2019initiative de la Commission europ\u00e9enne, a pour objectif d\u2019aider les pays hors de l\u2019UE \u00e0 faire face \u00e0 la <strong>pand\u00e9mie<\/strong> du Covid-19 et auquel la BEI a annonc\u00e9 une contribution \u00e0 hauteur de 5,2 milliards d\u2019euros. Pour la Vice-pr\u00e9sidente de la BEI, \u00a0Emma Navarro, \u00ab la Banque de l\u2019Union europ\u00e9enne est plus que jamais mobilis\u00e9e pour aider le Maroc \u00e0 faire face \u00e0 cette pand\u00e9mie\u00bb.<\/p>\n<p>\u00ab La sant\u00e9 des citoyens et la modernisation des infrastructures m\u00e9dicales sont au c\u0153ur des priorit\u00e9s de la Banque de l\u2019Union europ\u00e9enne. Au Maroc, ce sont ainsi 70 millions d\u2019euros de financements qui ont \u00e9t\u00e9 consacr\u00e9s \u00e0 la construction et la <strong>modernisation<\/strong> de 16 h\u00f4pitaux dans l\u2019ensemble du Royaume avec \u00e0 la clef des \u00e9quipements \u00e0 la pointe de la technologie pour plusieurs h\u00f4pitaux et des infrastructures qui permettent au personnel de travailler dans de meilleures conditions \u00bb, pr\u00e9cise-t-elle. Pour rappel, en 2019, ce sont plus de 300 millions d\u2019euros d\u2019investissements qui ont \u00e9t\u00e9 consacr\u00e9s \u00e0 la mise en \u0153uvre de projets dans des secteurs clefs de l\u2019\u00e9conomie marocaine tels que le soutien aux entreprises, l\u2019agriculture, l\u2019eau et l\u2019assainissement, le transport ou encore les \u00e9nergies renouvelables.<\/p>\n<div class=\"c17\">\n<fieldset class=\"c16\">\n<legend><strong><span class=\"c11\">Challenge<\/span><span class=\"c12\">news<\/span><\/strong><\/legend>\n<div class=\"c15\">Le meilleur de Challenge s\u00e9lectionn\u00e9 par la r\u00e9daction :<\/p>\n<\/div>\n<\/fieldset>\n<\/div>\n<p>Auteur: challenge<br \/>\n<a href=\"https:\/\/www.challenge.ma\/coronavirus-la-bei-apporte-son-soutien-au-secteur-prive-marocain-136549\/\">Cliquez ici pour lire l&rsquo;article depuis sa source.<\/a><\/p>\n","protected":false},"excerpt":{"rendered":"<p>La Banque europ\u00e9enne d\u2019investissement (BEI) a annonc\u00e9, le 8 avril, un soutien au secteur priv\u00e9 au Maroc via ses lignes de cr\u00e9dit avec les institutions financi\u00e8res marocaines, dont l\u2019encours s\u2019\u00e9l\u00e8ve \u00e0 ce jour \u00e0 440 millions d\u2019euros. La BEI indique que ces lignes de cr\u00e9dit d\u00e9di\u00e9es au financement du secteur priv\u00e9 seraient en mesure d\u2019apporter [&hellip;]<\/p>\n","protected":false},"author":1787,"featured_media":0,"comment_status":"closed","ping_status":"closed","sticky":false,"template":"","format":"standard","meta":{"fifu_image_url":"","fifu_image_alt":"","footnotes":""},"categories":[78,54],"tags":[],"class_list":["post-81649","post","type-post","status-publish","format-standard","hentry","category-economie","category-maroc"],"_links":{"self":[{"href":"https:\/\/linitiative.ca\/International\/wp-json\/wp\/v2\/posts\/81649","targetHints":{"allow":["GET"]}}],"collection":[{"href":"https:\/\/linitiative.ca\/International\/wp-json\/wp\/v2\/posts"}],"about":[{"href":"https:\/\/linitiative.ca\/International\/wp-json\/wp\/v2\/types\/post"}],"author":[{"embeddable":true,"href":"https:\/\/linitiative.ca\/International\/wp-json\/wp\/v2\/users\/1787"}],"replies":[{"embeddable":true,"href":"https:\/\/linitiative.ca\/International\/wp-json\/wp\/v2\/comments?post=81649"}],"version-history":[{"count":0,"href":"https:\/\/linitiative.ca\/International\/wp-json\/wp\/v2\/posts\/81649\/revisions"}],"wp:attachment":[{"href":"https:\/\/linitiative.ca\/International\/wp-json\/wp\/v2\/media?parent=81649"}],"wp:term":[{"taxonomy":"category","embeddable":true,"href":"https:\/\/linitiative.ca\/International\/wp-json\/wp\/v2\/categories?post=81649"},{"taxonomy":"post_tag","embeddable":true,"href":"https:\/\/linitiative.ca\/International\/wp-json\/wp\/v2\/tags?post=81649"}],"curies":[{"name":"wp","href":"https:\/\/api.w.org\/{rel}","templated":true}]}}