{"id":81650,"date":"2020-04-08T16:14:58","date_gmt":"2020-04-08T20:14:58","guid":{"rendered":"https:\/\/linitiative.ca\/International\/coronavirus-les-operateurs-du-tourisme-preparent-deja-lapres-covid-19\/"},"modified":"2020-04-08T16:14:58","modified_gmt":"2020-04-08T20:14:58","slug":"coronavirus-les-operateurs-du-tourisme-preparent-deja-lapres-covid-19","status":"publish","type":"post","link":"https:\/\/linitiative.ca\/International\/coronavirus-les-operateurs-du-tourisme-preparent-deja-lapres-covid-19\/","title":{"rendered":"Coronavirus : les op\u00e9rateurs du tourisme pr\u00e9parent d\u00e9j\u00e0 l\u2019apr\u00e8s-Covid-19"},"content":{"rendered":"<p><strong>Comment relancer le tourisme apr\u00e8s la crise\u00a0? Les professionnels du secteur travaillent d\u2019ores et d\u00e9j\u00e0 sur des sc\u00e9narii de relance.<\/strong><\/p>\n<div class=\"c10\"\/>\n<p>Les professionnels du <strong>tourisme<\/strong> commencent r\u00e9fl\u00e9chir sur l\u2019apr\u00e8s-covid-19. Secteur tr\u00e8s touch\u00e9 par la pand\u00e9mie du coronavirus, le tourisme a enregistr\u00e9 d\u2019immenses pertes, \u00e9valu\u00e9es \u00e0 des milliards de DH selon la CNT (<strong>Conf\u00e9d\u00e9ration nationale du tourisme<\/strong>). Revenant sur le sujet dans sa livraison du 8 avril, L\u2019Economiste s\u2019int\u00e9resse aux sc\u00e9narios de relance qui pourraient \u00eatre mis en \u0153uvre pour redonner des couleurs au tourisme marocain le vite possible, apr\u00e8s la crise. Pour la majeure partie des professionnels, il est encore trop pour parler de relance.<\/p>\n<p>\u00ab\u00a0M\u00eame s\u2019il est trop t\u00f4t pour parler de relance, il est n\u00e9anmoins l\u2019heure de commencer \u00e0 \u00e9tudier les diff\u00e9rentes pistes de <strong>relance<\/strong>\u00a0\u00bb, soutient d\u2019ailleurs Othmane Ch\u00e9rif Alami, patron de Atlas Voyages. Pour lui, le Maroc doit suivre les tendances de ses march\u00e9s clients et les mouvements de fronti\u00e8res. \u00ab A titre d\u2019exemple, la France va contr\u00f4ler les flux entrants au niveau\u00a0 sanitaire jusqu\u2019au mois d\u2019octobre. Alors, la reprise d\u00e9pendra justement de la capacit\u00e9 a\u00e9rienne et de l\u2019<strong>ouverture des fronti\u00e8res<\/strong>. Ce qui est s\u00fbr, c\u2019est que nous retrouverons le rythme de 2019 que dans 3 \u00e0 5 ans\u00a0\u00bb, explique-t-il.<\/p>\n<p>Lire aussi: <a href=\"https:\/\/www.challenge.ma\/loit-prevoit-des-pertes-devastatrices-demplois-136497\/\">L\u2019OIT pr\u00e9voit \u00ab\u00a0des pertes d\u00e9vastatrices\u00a0\u00bb d\u2019emplois<\/a><\/p>\n<p>Il va plus loin en soulignant que le sc\u00e9nario le plus optimiste est une reprise en juillet\/ao\u00fbt et septembre pour le tourisme des loisirs avec une estimation de 50% en moins par rapport \u00e0 2019, et ajoute aussi qu\u2019entre mars et fin juin 2020, la perte du secteur en nombre de touristes pourrait atteindre 4 \u00e0 5 millions de touristes. Pour Hamid Bentahar, Pr\u00e9sident du CRT Marrakech, Hamid Bentahar, pr\u00e9sident du <strong>CRT Marrakech<\/strong>, il est encore trop t\u00f4t pour parler de reprise.<\/p>\n<p>\u00ab\u00a0Le plus important aujourd\u2019hui est la sant\u00e9 des Marocains\u00a0\u00bb, soutient-il, alors que Rachid Dahmaz, pr\u00e9sident du CRT Agadir, assure qu\u2019il est primordial de commencer \u00e0 pr\u00e9parer l\u2019apr\u00e8s-crise. Ce dernier estime qu\u2019il faut travailler sur deux fronts, dont notamment le tourisme national, avec une politique tarifaire assez attractive et sur le plan international en accompagnant les <strong>tour-op\u00e9rateurs<\/strong> et les compagnies a\u00e9riennes. Par ailleurs, \u00e0 Marrakech, c\u2019est la solidarit\u00e9 qui prime dans le secteur. Ainsi, plusieurs structures ont d\u00e9cid\u00e9 de payer leurs collaborateurs jusqu\u2019au mois de mai, malgr\u00e9 la tension sur les <strong>tr\u00e9soreries<\/strong>.<\/p>\n<div class=\"c17\">\n<fieldset class=\"c16\">\n<legend><strong><span class=\"c11\">Challenge<\/span><span class=\"c12\">news<\/span><\/strong><\/legend>\n<div class=\"c15\">Le meilleur de Challenge s\u00e9lectionn\u00e9 par la r\u00e9daction :<\/p>\n<\/div>\n<\/fieldset>\n<\/div>\n<p>Auteur: challenge<br \/>\n<a href=\"https:\/\/www.challenge.ma\/coronavirus-les-operateurs-du-tourisme-preparent-deja-lapres-covid-19-136562\/\">Cliquez ici pour lire l&rsquo;article depuis sa source.<\/a><\/p>\n","protected":false},"excerpt":{"rendered":"<p>Comment relancer le tourisme apr\u00e8s la crise\u00a0? Les professionnels du secteur travaillent d\u2019ores et d\u00e9j\u00e0 sur des sc\u00e9narii de relance. Les professionnels du tourisme commencent r\u00e9fl\u00e9chir sur l\u2019apr\u00e8s-covid-19. Secteur tr\u00e8s touch\u00e9 par la pand\u00e9mie du coronavirus, le tourisme a enregistr\u00e9 d\u2019immenses pertes, \u00e9valu\u00e9es \u00e0 des milliards de DH selon la CNT (Conf\u00e9d\u00e9ration nationale du tourisme). [&hellip;]<\/p>\n","protected":false},"author":1787,"featured_media":0,"comment_status":"closed","ping_status":"closed","sticky":false,"template":"","format":"standard","meta":{"fifu_image_url":"","fifu_image_alt":"","footnotes":""},"categories":[78,54],"tags":[],"class_list":["post-81650","post","type-post","status-publish","format-standard","hentry","category-economie","category-maroc"],"_links":{"self":[{"href":"https:\/\/linitiative.ca\/International\/wp-json\/wp\/v2\/posts\/81650","targetHints":{"allow":["GET"]}}],"collection":[{"href":"https:\/\/linitiative.ca\/International\/wp-json\/wp\/v2\/posts"}],"about":[{"href":"https:\/\/linitiative.ca\/International\/wp-json\/wp\/v2\/types\/post"}],"author":[{"embeddable":true,"href":"https:\/\/linitiative.ca\/International\/wp-json\/wp\/v2\/users\/1787"}],"replies":[{"embeddable":true,"href":"https:\/\/linitiative.ca\/International\/wp-json\/wp\/v2\/comments?post=81650"}],"version-history":[{"count":0,"href":"https:\/\/linitiative.ca\/International\/wp-json\/wp\/v2\/posts\/81650\/revisions"}],"wp:attachment":[{"href":"https:\/\/linitiative.ca\/International\/wp-json\/wp\/v2\/media?parent=81650"}],"wp:term":[{"taxonomy":"category","embeddable":true,"href":"https:\/\/linitiative.ca\/International\/wp-json\/wp\/v2\/categories?post=81650"},{"taxonomy":"post_tag","embeddable":true,"href":"https:\/\/linitiative.ca\/International\/wp-json\/wp\/v2\/tags?post=81650"}],"curies":[{"name":"wp","href":"https:\/\/api.w.org\/{rel}","templated":true}]}}