{"id":81651,"date":"2020-04-08T15:20:23","date_gmt":"2020-04-08T19:20:23","guid":{"rendered":"https:\/\/linitiative.ca\/International\/tunisie-retour-du-systeme-des-ponts-pour-lutter-contre-le-covid\/"},"modified":"2020-04-08T15:20:23","modified_gmt":"2020-04-08T19:20:23","slug":"tunisie-retour-du-systeme-des-ponts-pour-lutter-contre-le-covid","status":"publish","type":"post","link":"https:\/\/linitiative.ca\/International\/tunisie-retour-du-systeme-des-ponts-pour-lutter-contre-le-covid\/","title":{"rendered":"Tunisie \u2013 Retour du syst\u00e8me des \u00ab\u00a0ponts\u00a0\u00bb pour lutter contre le covid"},"content":{"rendered":"<div class=\"post-cont-in left relative\">\n<p>La pr\u00e9sidence du gouvernement a d\u00e9cid\u00e9, entre autres mesures, d\u2019accorder un jour de cong\u00e9 exceptionnel, ce vendredi 10 avril. Cette mesure permet, en \u00e9tablissant un pont entre le jeudi qui est f\u00e9ri\u00e9 (f\u00eate des martyrs) et les samedi et dimanche, du week end.<\/p>\n<div class=\"code-block code-block-1 c3\"><ins class=\"adsbygoogle c2\" data-ad-layout=\"in-article\" data-ad-format=\"fluid\" data-ad-client=\"ca-pub-2102118777505746\" data-ad-slot=\"7301775417\"\/> <\/div>\n<p>Les tunisiens b\u00e9n\u00e9ficieront, donc, de quatre jours ch\u00f4m\u00e9s cons\u00e9cutifs, pour tenter de minimiser les d\u00e9placements et les sorties des citoyens.<\/p>\n<div class=\"swp_social_panel swp_horizontal_panel swp_flat_fresh swp_default_full_color swp_individual_full_color swp_other_full_color scale-100 scale-\" data-min-width=\"1100\" data-float-color=\"#ffffff\" data-float=\"bottom\" data-float-mobile=\"bottom\" data-transition=\"slide\">\n<div class=\"nc_tweetContainer swp_share_button total_shares total_sharesalt\"><span class=\"swp_count\">26 <span class=\"swp_label\">Partages<\/span><\/span><\/div>\n<\/div>\n<p><strong>Que se passe-t-il en Tunisie?<\/strong><br \/>Nous expliquons sur notre <a href=\"https:\/\/www.youtube.com\/channel\/UCRzypVq0B_yBad5eGrwBx0Q?sub_confirmation=1\" target=\"_blank\" rel=\"noopener noreferrer\">cha\u00eene YouTube<\/a> . <a href=\"https:\/\/www.youtube.com\/channel\/UCRzypVq0B_yBad5eGrwBx0Q?sub_confirmation=1\" target=\"_blank\" rel=\"noopener noreferrer\">Abonnez-vous!<\/a><\/p>\n<div class=\"mvp-org-wrap mvp-org-logo\" itemprop=\"publisher\" itemscope=\"\" itemtype=\"https:\/\/schema.org\/Organization\"><img decoding=\"async\" src=\"https:\/\/www.tunisienumerique.com\/wp-content\/uploads\/2017\/02\/logo_tunisie_numerique.png\"\/><\/div>\n<div class=\"mvp-related-posts left relative\">\n<h4 class=\"post-header\"><span class=\"post-header\">Lire aussi<\/span><\/h4>\n<\/div>\n<div id=\"article-ad\"><ins class=\"adsbygoogle c4\" data-ad-client=\"ca-pub-2102118777505746\" data-ad-slot=\"6513972734\" data-ad-format=\"auto\" data-full-width-responsive=\"true\"\/> <\/div>\n<\/div>\n<div id=\"post-sidebar-wrap\"><ins class=\"adsbygoogle c4\" data-ad-client=\"ca-pub-2102118777505746\" data-ad-slot=\"6168283410\" data-ad-format=\"auto\" data-full-width-responsive=\"true\"\/> <\/div>\n<p>Auteur: LM<br \/>\n<a href=\"https:\/\/www.tunisienumerique.com\/tunisie-retour-du-systeme-des-ponts-pour-lutter-contre-le-covid\/\">Cliquez ici pour lire l&rsquo;article depuis sa source.<\/a><\/p>\n","protected":false},"excerpt":{"rendered":"<p>La pr\u00e9sidence du gouvernement a d\u00e9cid\u00e9, entre autres mesures, d\u2019accorder un jour de cong\u00e9 exceptionnel, ce vendredi 10 avril. Cette mesure permet, en \u00e9tablissant un pont entre le jeudi qui est f\u00e9ri\u00e9 (f\u00eate des martyrs) et les samedi et dimanche, du week end. Les tunisiens b\u00e9n\u00e9ficieront, donc, de quatre jours ch\u00f4m\u00e9s cons\u00e9cutifs, pour tenter de [&hellip;]<\/p>\n","protected":false},"author":1789,"featured_media":81652,"comment_status":"closed","ping_status":"closed","sticky":false,"template":"","format":"standard","meta":{"fifu_image_url":"","fifu_image_alt":"","footnotes":""},"categories":[73,55],"tags":[],"class_list":["post-81651","post","type-post","status-publish","format-standard","has-post-thumbnail","hentry","category-actualite","category-tunisie"],"_links":{"self":[{"href":"https:\/\/linitiative.ca\/International\/wp-json\/wp\/v2\/posts\/81651","targetHints":{"allow":["GET"]}}],"collection":[{"href":"https:\/\/linitiative.ca\/International\/wp-json\/wp\/v2\/posts"}],"about":[{"href":"https:\/\/linitiative.ca\/International\/wp-json\/wp\/v2\/types\/post"}],"author":[{"embeddable":true,"href":"https:\/\/linitiative.ca\/International\/wp-json\/wp\/v2\/users\/1789"}],"replies":[{"embeddable":true,"href":"https:\/\/linitiative.ca\/International\/wp-json\/wp\/v2\/comments?post=81651"}],"version-history":[{"count":0,"href":"https:\/\/linitiative.ca\/International\/wp-json\/wp\/v2\/posts\/81651\/revisions"}],"wp:featuredmedia":[{"embeddable":true,"href":"https:\/\/linitiative.ca\/International\/wp-json\/"}],"wp:attachment":[{"href":"https:\/\/linitiative.ca\/International\/wp-json\/wp\/v2\/media?parent=81651"}],"wp:term":[{"taxonomy":"category","embeddable":true,"href":"https:\/\/linitiative.ca\/International\/wp-json\/wp\/v2\/categories?post=81651"},{"taxonomy":"post_tag","embeddable":true,"href":"https:\/\/linitiative.ca\/International\/wp-json\/wp\/v2\/tags?post=81651"}],"curies":[{"name":"wp","href":"https:\/\/api.w.org\/{rel}","templated":true}]}}