{"id":81655,"date":"2020-04-08T15:38:42","date_gmt":"2020-04-08T19:38:42","guid":{"rendered":"https:\/\/linitiative.ca\/International\/tunisie-video-question-a-abdellatif-mekki-que-doivent-faire-les-citoyens-dans-ce-cas-de-figure\/"},"modified":"2020-04-08T15:38:42","modified_gmt":"2020-04-08T19:38:42","slug":"tunisie-video-question-a-abdellatif-mekki-que-doivent-faire-les-citoyens-dans-ce-cas-de-figure","status":"publish","type":"post","link":"https:\/\/linitiative.ca\/International\/tunisie-video-question-a-abdellatif-mekki-que-doivent-faire-les-citoyens-dans-ce-cas-de-figure\/","title":{"rendered":"Tunisie \u2013 Vid\u00e9o\u00a0: Question a Abdellatif Mekki\u00a0: Que doivent faire les citoyens dans ce cas de figure\u00a0?"},"content":{"rendered":"<div class=\"post-cont-in left relative\">\n<p>Une s\u00e9quence vid\u00e9o a circul\u00e9, ce mercredi sur les r\u00e9seaux sociaux, mettant en sc\u00e8ne un homme souffrant, apparemment de fi\u00e8vre qui se d\u00e9bat par terre, devant les yeux de ses voisins impuissants qui ne savent pas quoi faire dans ce cas. Ils ont contact\u00e9 le 190 et les autres num\u00e9ros du minist\u00e8re de la Sant\u00e9, sans aucun r\u00e9sultat. Ils ont d\u00fb faire appel \u00e0 la garde nationale qui a contact\u00e9 les autorit\u00e9s sanitaires, sans plus de r\u00e9ussite.<\/p>\n<div class=\"code-block code-block-1 c4\"><ins class=\"adsbygoogle c3\" data-ad-layout=\"in-article\" data-ad-format=\"fluid\" data-ad-client=\"ca-pub-2102118777505746\" data-ad-slot=\"7301775417\"\/> <\/div>\n<p>Est-ce que le ministre de la Sant\u00e9 peut expliquer aux citoyens angoiss\u00e9s et d\u00e9plor\u00e9s, ce qu\u2019il y a lieu de faire, dans le cadre de sa strat\u00e9gie de prise en charge des malades et des cas suspects de <a href=\"https:\/\/www.tunisienumerique.com\/tunisie-actualite\/coronavirus\/\" title=\"coronavirus\" target=\"_top\" class=\"auto-link\" rel=\"noopener noreferrer\">coronavirus<\/a> ?<\/p>\n<div class=\"swp_social_panel swp_horizontal_panel swp_flat_fresh swp_default_full_color swp_individual_full_color swp_other_full_color scale-100 scale-\" data-min-width=\"1100\" data-float-color=\"#ffffff\" data-float=\"bottom\" data-float-mobile=\"bottom\" data-transition=\"slide\">\n<div class=\"nc_tweetContainer swp_share_button total_shares total_sharesalt\"><span class=\"swp_count\">35 <span class=\"swp_label\">Partages<\/span><\/span><\/div>\n<\/div>\n<p><strong>Que se passe-t-il en Tunisie?<\/strong><br \/>Nous expliquons sur notre <a href=\"https:\/\/www.youtube.com\/channel\/UCRzypVq0B_yBad5eGrwBx0Q?sub_confirmation=1\" target=\"_blank\" rel=\"noopener noreferrer\">cha\u00eene YouTube<\/a> . <a href=\"https:\/\/www.youtube.com\/channel\/UCRzypVq0B_yBad5eGrwBx0Q?sub_confirmation=1\" target=\"_blank\" rel=\"noopener noreferrer\">Abonnez-vous!<\/a><\/p>\n<div class=\"mvp-org-wrap mvp-org-logo\" itemprop=\"publisher\" itemscope=\"\" itemtype=\"https:\/\/schema.org\/Organization\"><img decoding=\"async\" src=\"https:\/\/www.tunisienumerique.com\/wp-content\/uploads\/2017\/02\/logo_tunisie_numerique.png\"\/><\/div>\n<div class=\"mvp-related-posts left relative\">\n<h4 class=\"post-header\"><span class=\"post-header\">Lire aussi<\/span><\/h4>\n<\/div>\n<div id=\"article-ad\"><ins class=\"adsbygoogle c5\" data-ad-client=\"ca-pub-2102118777505746\" data-ad-slot=\"6513972734\" data-ad-format=\"auto\" data-full-width-responsive=\"true\"\/> <\/div>\n<\/div>\n<div id=\"post-sidebar-wrap\"><ins class=\"adsbygoogle c5\" data-ad-client=\"ca-pub-2102118777505746\" data-ad-slot=\"6168283410\" data-ad-format=\"auto\" data-full-width-responsive=\"true\"\/> <\/div>\n<p>Auteur: LM<br \/>\n<a href=\"https:\/\/www.tunisienumerique.com\/tunisie-video-question-a-abdellatif-mekki-que-doivent-faire-les-citoyens-dans-ce-cas-de-figure\/\">Cliquez ici pour lire l&rsquo;article depuis sa source.<\/a><\/p>\n","protected":false},"excerpt":{"rendered":"<p>Une s\u00e9quence vid\u00e9o a circul\u00e9, ce mercredi sur les r\u00e9seaux sociaux, mettant en sc\u00e8ne un homme souffrant, apparemment de fi\u00e8vre qui se d\u00e9bat par terre, devant les yeux de ses voisins impuissants qui ne savent pas quoi faire dans ce cas. Ils ont contact\u00e9 le 190 et les autres num\u00e9ros du minist\u00e8re de la Sant\u00e9, [&hellip;]<\/p>\n","protected":false},"author":1789,"featured_media":81656,"comment_status":"closed","ping_status":"closed","sticky":false,"template":"","format":"standard","meta":{"fifu_image_url":"","fifu_image_alt":"","footnotes":""},"categories":[73,55],"tags":[],"class_list":["post-81655","post","type-post","status-publish","format-standard","has-post-thumbnail","hentry","category-actualite","category-tunisie"],"_links":{"self":[{"href":"https:\/\/linitiative.ca\/International\/wp-json\/wp\/v2\/posts\/81655","targetHints":{"allow":["GET"]}}],"collection":[{"href":"https:\/\/linitiative.ca\/International\/wp-json\/wp\/v2\/posts"}],"about":[{"href":"https:\/\/linitiative.ca\/International\/wp-json\/wp\/v2\/types\/post"}],"author":[{"embeddable":true,"href":"https:\/\/linitiative.ca\/International\/wp-json\/wp\/v2\/users\/1789"}],"replies":[{"embeddable":true,"href":"https:\/\/linitiative.ca\/International\/wp-json\/wp\/v2\/comments?post=81655"}],"version-history":[{"count":0,"href":"https:\/\/linitiative.ca\/International\/wp-json\/wp\/v2\/posts\/81655\/revisions"}],"wp:featuredmedia":[{"embeddable":true,"href":"https:\/\/linitiative.ca\/International\/wp-json\/"}],"wp:attachment":[{"href":"https:\/\/linitiative.ca\/International\/wp-json\/wp\/v2\/media?parent=81655"}],"wp:term":[{"taxonomy":"category","embeddable":true,"href":"https:\/\/linitiative.ca\/International\/wp-json\/wp\/v2\/categories?post=81655"},{"taxonomy":"post_tag","embeddable":true,"href":"https:\/\/linitiative.ca\/International\/wp-json\/wp\/v2\/tags?post=81655"}],"curies":[{"name":"wp","href":"https:\/\/api.w.org\/{rel}","templated":true}]}}