{"id":81661,"date":"2020-04-08T13:50:52","date_gmt":"2020-04-08T17:50:52","guid":{"rendered":"https:\/\/linitiative.ca\/International\/plan-de-riposte-contre-le-covid-19-au-burkina\/"},"modified":"2020-04-08T13:50:52","modified_gmt":"2020-04-08T17:50:52","slug":"plan-de-riposte-contre-le-covid-19-au-burkina","status":"publish","type":"post","link":"https:\/\/linitiative.ca\/International\/plan-de-riposte-contre-le-covid-19-au-burkina\/","title":{"rendered":"PLAN DE RIPOSTE CONTRE LE COVID-19 AU BURKINA"},"content":{"rendered":"<div class=\"stream-item stream-item-above-post-content\">\n<p><noscript><\/p>\n<p><a href=\"\/\/www3.smartadserver.com\/ac?jump=1&amp;nwid=2136&amp;siteid=240610&amp;pgname=rg&amp;fmtid=49046&amp;visit=m&amp;tmstp=[timestamp]&amp;out=nonrich\" target=\"_blank\" rel=\"noopener noreferrer\"><img decoding=\"async\" src=\"http:\/\/www3.smartadserver.com\/ac?out=nonrich&amp;nwid=2136&amp;siteid=240610&amp;pgname=rg&amp;fmtid=49046&amp;visit=m&amp;tmstp=[timestamp]\" border=\"0\" alt=\"\"\/><\/a><\/p>\n<p><\/noscript><\/div>\n<p class=\"c3\"><em>Le gouvernement burkinab\u00e8 a rendu public, dans la soir\u00e9e du 7 avril 2020, lors de son traditionnel point de presse, son plan de riposte contre la pand\u00e9mie du COVID-19. Le budget pr\u00e9visionnel de ce plan est estim\u00e9 \u00e0 177\u00a0900\u00a0426\u00a0021 F CFA. L\u2019on peut, d\u2019ores et d\u00e9j\u00e0, se f\u00e9liciter du fait que d\u00e9sormais, le pays dispose d\u2019une feuille de route qui d\u00e9termine les orientations \u00e0 prendre et qui canalise les ressources financi\u00e8res \u00e0 mobiliser pour venir \u00e0 bout du virus invisible qui a d\u00e9clar\u00e9 la guerre au monde entier. Sans entrer dans le fond de ce plan qui cristallise toutes les attentions, au Burkina Faso, l\u2019on peut d\u00e9j\u00e0 d\u00e9plorer toute la pol\u00e9mique qui a entour\u00e9 ce document dont l\u2019enjeu est capital pour le pays, face \u00e0 une crise sanitaire o\u00f9 l\u2019humanit\u00e9 tout enti\u00e8re semble impuissante. En effet, l\u2019on est pass\u00e9 d\u2019un premier plan dont le co\u00fbt initial \u00e9tait de 11 milliards de FCFA \u00e0 un second estim\u00e9 \u00e0 environ 178 milliards. Mais plus que la croissance exponentielle des chiffres, ce qui a sci\u00e9 le moral de bon nombre de Burkinab\u00e8, c\u2019est la cl\u00e9 de r\u00e9partition de ce second budget qui accordait plus de 121 milliards de F CFA comme frais de location d\u2019h\u00f4tels pour l\u2019hospitalisation des malades.<\/em><\/p>\n<p class=\"c3\"><strong><em>La crise du Covid-19 n\u2019est pas seulement que sanitaire, elle est aussi sociale, \u00e9conomique et politique<\/em><\/strong><\/p>\n<p class=\"c3\"><em>L\u2019opinion publique nationale dont l\u2019Opposition politique \u00e0 travers le Chef de file de l\u2019Opposition politique (CFOP), s\u2019est fait le relais, n\u2019y a vu \u00ab qu\u2019un deal \u00bb ou \u00ab une nouvelle caverne d\u2019Ali Baba \u00bb dont la finalit\u00e9 essentielle est de servir une client\u00e8le politique qui n\u2019a d\u2019autres vis\u00e9es que de piller les ressources du pays. M\u00eame si le porte-parole du gouvernement d\u00e9nonce \u00ab une fuite de documents \u00bb, l\u2019on ne peut que constater que le mal est d\u00e9j\u00e0 fait. Non seulement l\u2019Ex\u00e9cutif y a perdu un peu de son cr\u00e9dit, mais pire, beaucoup de nos compatriotes mettent en doute le s\u00e9rieux avec lequel l\u2019on tente d\u2019organiser la riposte pour venir \u00e0 bout de la pand\u00e9mie. Pour en arriver au fond du plan de riposte lui-m\u00eame, l\u2019on peut se f\u00e9liciter que dans sa structuration, les concepteurs ne se soient pas seulement focalis\u00e9s sur des donn\u00e9es cliniciennes mais qu\u2019ils aient ratiss\u00e9 large pour prendre en compte un secteur comme la communication qui, dans un tel contexte \u00e9pid\u00e9miologique, est un pivot essentiel parce que visant le changement de comportements pr\u00e9sent\u00e9 comme le v\u00e9ritable frein \u00e0 la maladie. Mais l\u2019on peut cependant regretter que cette vision holistique ne se soit pas \u00e9tendue \u00e0 d\u2019autres pans de la science qui auraient \u00e9t\u00e9 d\u2019un apport primordial. En effet, la crise du Covid-19 n\u2019est pas seulement que sanitaire, elle est aussi sociale, \u00e9conomique et politique. En excluant donc les autres secteurs du plan de riposte, il y a fort \u00e0 craindre que l\u2019on ne soit pas sorti de l\u2019auberge dans une structuration du monde o\u00f9 l\u2019\u00e9conomique et le politique tiennent la sant\u00e9 et vice-versa.<\/em> <em>Par ailleurs, l\u2019on peut d\u00e9plorer avec les partenaires sociaux, notamment le Syndicat des m\u00e9decins du Burkina Faso (SYMEB), que dans la cl\u00e9 de r\u00e9partition du budget de la riposte contre la pand\u00e9mie du COVID-19, l\u2019on ait accord\u00e9 peu d\u2019importance \u00e0 l\u2019am\u00e9lioration des plateaux techniques.<\/em><\/p>\n<p class=\"c3\"><strong><em>Le Burkina Faso ne devrait plus \u00eatre au stade de l\u2019invention de la roue<\/em><\/strong><\/p>\n<p class=\"c3\"><em>Cela est d\u2019autant plus regrettable que ce besoin a \u00e9t\u00e9 exprim\u00e9 de longue date par ces partenaires sociaux pour qui la situation actuelle de l\u2019\u00e9pid\u00e9mie aurait \u00e9t\u00e9 moins alarmante si le gouvernement leur avait pr\u00eat\u00e9 une oreille attentive. En tout cas, l\u2019histoire semble leur donner raison m\u00eame si la le\u00e7on est des plus douloureuses, y compris pour les d\u00e9cideurs politiques au plus haut sommet de l\u2019Etat, qui, dans le cadre pr\u00e9cis de cette pand\u00e9mie, n\u2019ont plus la possibilit\u00e9 de prendre l\u2019avion pour aller b\u00e9n\u00e9ficier de meilleurs soins dans d\u2019autres pays o\u00f9 les plateaux techniques sont plus r\u00e9lev\u00e9s.<\/em><br \/><em>En outre, l\u2019on peut se demander, \u00e0 l\u2019analyse du budget, s\u2019il n\u2019existe pas de doublons dans les rubriques et si certaines activit\u00e9s n\u2019ont pas \u00e9t\u00e9 sur\u00e9valu\u00e9es. En effet, le regard du profane a du mal \u00e0 situer la fronti\u00e8re entre la recherche et le laboratoire tant dans la pratique que dans l\u2019imaginaire collectif, la recherche se d\u00e9roulant dans les laboratoires. Et quid de la logistique qui est transversale \u00e0 toutes les rubriques d\u00e9finies dans le budget ? Par ailleurs, l\u2019on peut bien se poser des questions sur le bien-fond\u00e9 des 8 milliards et demi de F CFA de la coordination.\u00a0<\/em> <em>Ce qui est cependant le plus \u00e0 d\u00e9plorer dans ce plan de riposte, c\u2019est son aspect conjoncturel. Au regard de l\u2019exp\u00e9rience r\u00e9cente de l\u2019\u00e9pid\u00e9mie de la fi\u00e8vre h\u00e9morragique appel\u00e9e Ebola et des avertissements r\u00e9currents de la communaut\u00e9 scientifique sur les risques des maladies \u00e9mergentes cons\u00e9cutives au r\u00e9chauffement climatique, le Burkina Faso ne devrait plus \u00eatre au stade de l\u2019invention de la roue mais plut\u00f4t \u00e0 huiler sa machine ou juste \u00e0 la r\u00e9adapter aux nouvelles situations. C\u2019est un imp\u00e9ratif aujourd\u2019hui que le pays ait des solutions structurelles face aux nouveaux d\u00e9fis qui se posent.<\/em><\/p>\n<p class=\"c3\"><strong><em>\u00ab\u00a0Le Pays\u00a0\u00bb<\/em><\/strong><\/p>\n<p>Auteur: Le Pays<br \/>\n<a href=\"http:\/\/lepays.bf\/plan-de-riposte-contre-le-covid-19-au-burkina\/\">Cliquez ici pour lire l&rsquo;article depuis sa source.<\/a><\/p>\n","protected":false},"excerpt":{"rendered":"<p>Le gouvernement burkinab\u00e8 a rendu public, dans la soir\u00e9e du 7 avril 2020, lors de son traditionnel point de presse, son plan de riposte contre la pand\u00e9mie du COVID-19. Le budget pr\u00e9visionnel de ce plan est estim\u00e9 \u00e0 177\u00a0900\u00a0426\u00a0021 F CFA. L\u2019on peut, d\u2019ores et d\u00e9j\u00e0, se f\u00e9liciter du fait que d\u00e9sormais, le pays dispose [&hellip;]<\/p>\n","protected":false},"author":1813,"featured_media":0,"comment_status":"closed","ping_status":"closed","sticky":false,"template":"","format":"standard","meta":{"fifu_image_url":"","fifu_image_alt":"","footnotes":""},"categories":[73,81],"tags":[],"class_list":["post-81661","post","type-post","status-publish","format-standard","hentry","category-actualite","category-burkina-faso"],"_links":{"self":[{"href":"https:\/\/linitiative.ca\/International\/wp-json\/wp\/v2\/posts\/81661","targetHints":{"allow":["GET"]}}],"collection":[{"href":"https:\/\/linitiative.ca\/International\/wp-json\/wp\/v2\/posts"}],"about":[{"href":"https:\/\/linitiative.ca\/International\/wp-json\/wp\/v2\/types\/post"}],"author":[{"embeddable":true,"href":"https:\/\/linitiative.ca\/International\/wp-json\/wp\/v2\/users\/1813"}],"replies":[{"embeddable":true,"href":"https:\/\/linitiative.ca\/International\/wp-json\/wp\/v2\/comments?post=81661"}],"version-history":[{"count":0,"href":"https:\/\/linitiative.ca\/International\/wp-json\/wp\/v2\/posts\/81661\/revisions"}],"wp:attachment":[{"href":"https:\/\/linitiative.ca\/International\/wp-json\/wp\/v2\/media?parent=81661"}],"wp:term":[{"taxonomy":"category","embeddable":true,"href":"https:\/\/linitiative.ca\/International\/wp-json\/wp\/v2\/categories?post=81661"},{"taxonomy":"post_tag","embeddable":true,"href":"https:\/\/linitiative.ca\/International\/wp-json\/wp\/v2\/tags?post=81661"}],"curies":[{"name":"wp","href":"https:\/\/api.w.org\/{rel}","templated":true}]}}