{"id":81662,"date":"2020-04-08T13:56:35","date_gmt":"2020-04-08T17:56:35","guid":{"rendered":"https:\/\/linitiative.ca\/International\/an-i-de-la-chute-de-omar-el-bechir\/"},"modified":"2020-04-08T13:56:35","modified_gmt":"2020-04-08T17:56:35","slug":"an-i-de-la-chute-de-omar-el-bechir","status":"publish","type":"post","link":"https:\/\/linitiative.ca\/International\/an-i-de-la-chute-de-omar-el-bechir\/","title":{"rendered":"AN I DE LA CHUTE DE OMAR EL-BECHIR"},"content":{"rendered":"<div class=\"stream-item stream-item-above-post-content\">\n<p><noscript><\/p>\n<p><a href=\"\/\/www3.smartadserver.com\/ac?jump=1&amp;nwid=2136&amp;siteid=240610&amp;pgname=rg&amp;fmtid=49046&amp;visit=m&amp;tmstp=[timestamp]&amp;out=nonrich\" target=\"_blank\" rel=\"noopener noreferrer\"><img decoding=\"async\" src=\"http:\/\/www3.smartadserver.com\/ac?out=nonrich&amp;nwid=2136&amp;siteid=240610&amp;pgname=rg&amp;fmtid=49046&amp;visit=m&amp;tmstp=[timestamp]\" border=\"0\" alt=\"\"\/><\/a><\/p>\n<p><\/noscript><\/div>\n<p class=\"c3\"><em>Cela fait presqu\u2019un an que les Soudanais, prenant leur destin en main, ont r\u00e9ussi \u00e0 chasser le dictateur Omar El-B\u00e9chir que d\u2019aucuns croyaient ind\u00e9boulonnable. C\u2019\u00e9tait le 11 avril 2019, lorsque l\u2019arm\u00e9e, apr\u00e8s maintes tergiversations, a d\u00e9cid\u00e9 de prendre le parti du peuple. En fait, tout a commenc\u00e9 le 19 d\u00e9cembre 2018, lorsqu\u2019ont \u00e9clat\u00e9 \u00e0 Khartoum et dans d\u2019autres villes soudanaises, les \u00e9meutes de la faim qui se sont plus tard transform\u00e9es en un mouvement insurrectionnel qui a conduit \u00e0 la chute, en avril 2019, de celui-l\u00e0 qui aura r\u00e9gn\u00e9 pendant trente ans sans partage sur le Soudan. Au temps fort de la contestation, des manifestants, par wagons entiers, \u00e9taient convoy\u00e9s de la ville d\u2019Atbara situ\u00e9e \u00e0 plus de 300 km de la capitale soudanaise, vers Khartoum. C\u2019est ce qui explique qu\u2019\u00e0 l\u2019occasion de l\u2019anniversaire du d\u00e9but de la r\u00e9volte, en d\u00e9cembre dernier, les autorit\u00e9s de la Transition avaient d\u00e9cid\u00e9 de rendre un hommage appuy\u00e9 aux pionniers de la r\u00e9volution d\u2019Atbara en organisant des convois de manifestants vers ladite ville o\u00f9 ils sont invit\u00e9s \u00e0 rester jusqu\u2019au 25 d\u00e9cembre prochain, pour une semaine enti\u00e8re de festivit\u00e9s. \u00ab Le \u00a0gouvernement de la r\u00e9volution soudanaise va c\u00e9l\u00e9brer l\u2019anniversaire de la r\u00e9volution pacifique\u00bb, avait, on s\u2019en souvient, pour sa part, affirm\u00e9 le Premier ministre, Abdallah Hamdok, nomm\u00e9 \u00e0 l\u2019issue d\u2019\u00e2pres n\u00e9gociations. En tout cas, le jeu en vaut la chandelle. Car, les Soudanais, il faut le dire, ont brav\u00e9 la peur et la mort pour dire non \u00e0 un homme qui n\u2019a pas h\u00e9sit\u00e9 \u00e0 massacrer \u00e0 tour de bras.<\/em> <em>En t\u00e9moignent les crimes commis lors du conflit sanglant au Darfour et qui lui valent d\u2019\u00eatre aujourd\u2019hui recherch\u00e9 par la Cour p\u00e9nale internationale (CPI).<\/em><\/p>\n<p class=\"c3\"><strong><em>Les autorit\u00e9s de la Transition gagneraient \u00e0 faire toute la lumi\u00e8re sur les crimes rest\u00e9s impunis<\/em><\/strong><\/p>\n<p class=\"c3\"><em>C\u2019est dire si les Soudanais ont fait preuve de bravoure et de r\u00e9silience. C\u2019est tout \u00e0 leur honneur m\u00eame s\u2019il est vrai que leur r\u00e9volution a un go\u00fbt d\u2019inachev\u00e9, tant elle semble avoir \u00e9t\u00e9 confisqu\u00e9e par l\u2019arm\u00e9e qui, on le sait, pendant des d\u00e9cennies, constituait la charpente du pouvoir du dictateur d\u00e9chu. C\u2019est pourquoi, s\u2019il est vrai qu\u2019il faut saluer l\u2019osmose manifeste qu\u2019il y a entre les insurg\u00e9s et l\u2019arm\u00e9e lors des festivit\u00e9s en cours, il ne faut cependant pas oublier que pr\u00e8s de 250 Soudanais ont \u00e9t\u00e9 laiss\u00e9s sur le carreau lors de la manif r\u00e9prim\u00e9e du 3 juin 2019. Pourquoi ont-il \u00e9t\u00e9 tu\u00e9s\u00a0? Qui les a tu\u00e9s\u00a0? Autant de questions auxquelles il faudra trouver des r\u00e9ponses. Car, leurs familles respectives ont besoin de savoir ce qui s\u2019est r\u00e9ellement pass\u00e9 afin de faire le deuil de leurs disparus. En tout cas, l\u2019arbre ne doit pas cacher la for\u00eat. Car, danser et arborer fi\u00e8rement des drapeaux soudanais aux c\u00f4t\u00e9s des insurg\u00e9s, c\u2019est bien. Mais les autorit\u00e9s de la Transition gagneraient \u00e0 faire toute la lumi\u00e8re sur ces crimes rest\u00e9s impunis. C\u2019est la meilleure mani\u00e8re de rendre hommage aux Soudanais tomb\u00e9s pendant la contestation. Cela dit, un an apr\u00e8s la chute de B\u00e9chir, quel bilan peut-on dresser\u00a0? En dehors de la condamnation de B\u00e9chir, les d\u00e9fis restent entiers en ce sens qu\u2019un Soudanais sur dix, arrive \u00e0 manger \u00e0 peine \u00e0 sa faim. Et comme pour ne rien arranger, est venue s\u2019ajouter l\u2019\u00e9pid\u00e9mie du coronavirus qui a pr\u00e9caris\u00e9 davantage les conditions de vie du peuple soudanais.<\/em><\/p>\n<p class=\"c3\"><strong><em>B.O<\/em><\/strong><\/p>\n<p>Auteur: Le Pays<br \/>\n<a href=\"http:\/\/lepays.bf\/an-i-de-la-chute-de-omar-el-bechir\/\">Cliquez ici pour lire l&rsquo;article depuis sa source.<\/a><\/p>\n","protected":false},"excerpt":{"rendered":"<p>Cela fait presqu\u2019un an que les Soudanais, prenant leur destin en main, ont r\u00e9ussi \u00e0 chasser le dictateur Omar El-B\u00e9chir que d\u2019aucuns croyaient ind\u00e9boulonnable. C\u2019\u00e9tait le 11 avril 2019, lorsque l\u2019arm\u00e9e, apr\u00e8s maintes tergiversations, a d\u00e9cid\u00e9 de prendre le parti du peuple. En fait, tout a commenc\u00e9 le 19 d\u00e9cembre 2018, lorsqu\u2019ont \u00e9clat\u00e9 \u00e0 Khartoum [&hellip;]<\/p>\n","protected":false},"author":1813,"featured_media":0,"comment_status":"closed","ping_status":"closed","sticky":false,"template":"","format":"standard","meta":{"fifu_image_url":"","fifu_image_alt":"","footnotes":""},"categories":[73,81],"tags":[],"class_list":["post-81662","post","type-post","status-publish","format-standard","hentry","category-actualite","category-burkina-faso"],"_links":{"self":[{"href":"https:\/\/linitiative.ca\/International\/wp-json\/wp\/v2\/posts\/81662","targetHints":{"allow":["GET"]}}],"collection":[{"href":"https:\/\/linitiative.ca\/International\/wp-json\/wp\/v2\/posts"}],"about":[{"href":"https:\/\/linitiative.ca\/International\/wp-json\/wp\/v2\/types\/post"}],"author":[{"embeddable":true,"href":"https:\/\/linitiative.ca\/International\/wp-json\/wp\/v2\/users\/1813"}],"replies":[{"embeddable":true,"href":"https:\/\/linitiative.ca\/International\/wp-json\/wp\/v2\/comments?post=81662"}],"version-history":[{"count":0,"href":"https:\/\/linitiative.ca\/International\/wp-json\/wp\/v2\/posts\/81662\/revisions"}],"wp:attachment":[{"href":"https:\/\/linitiative.ca\/International\/wp-json\/wp\/v2\/media?parent=81662"}],"wp:term":[{"taxonomy":"category","embeddable":true,"href":"https:\/\/linitiative.ca\/International\/wp-json\/wp\/v2\/categories?post=81662"},{"taxonomy":"post_tag","embeddable":true,"href":"https:\/\/linitiative.ca\/International\/wp-json\/wp\/v2\/tags?post=81662"}],"curies":[{"name":"wp","href":"https:\/\/api.w.org\/{rel}","templated":true}]}}