{"id":81663,"date":"2020-04-08T13:58:55","date_gmt":"2020-04-08T17:58:55","guid":{"rendered":"https:\/\/linitiative.ca\/International\/appel-du-president-francais-pour-un-soutien-a-lafrique-contre-le-covid-19\/"},"modified":"2020-04-08T13:58:55","modified_gmt":"2020-04-08T17:58:55","slug":"appel-du-president-francais-pour-un-soutien-a-lafrique-contre-le-covid-19","status":"publish","type":"post","link":"https:\/\/linitiative.ca\/International\/appel-du-president-francais-pour-un-soutien-a-lafrique-contre-le-covid-19\/","title":{"rendered":"APPEL DU PRESIDENT FRAN\u00c7AIS POUR UN SOUTIEN A L\u2019AFRIQUE CONTRE LE COVID-19"},"content":{"rendered":"<div class=\"stream-item stream-item-above-post-content\">\n<p><noscript><\/p>\n<p><a href=\"\/\/www3.smartadserver.com\/ac?jump=1&amp;nwid=2136&amp;siteid=240610&amp;pgname=rg&amp;fmtid=49046&amp;visit=m&amp;tmstp=[timestamp]&amp;out=nonrich\" target=\"_blank\" rel=\"noopener noreferrer\"><img decoding=\"async\" src=\"http:\/\/www3.smartadserver.com\/ac?out=nonrich&amp;nwid=2136&amp;siteid=240610&amp;pgname=rg&amp;fmtid=49046&amp;visit=m&amp;tmstp=[timestamp]\" border=\"0\" alt=\"\"\/><\/a><\/p>\n<p><\/noscript><\/div>\n<p class=\"c3\"><em>Face \u00e0 la lutte mondiale acharn\u00e9e contre la pand\u00e9mie du Covid-19, l\u2019\u00e9v\u00e8nement est pass\u00e9 presqu\u2019inaper\u00e7u. En effet, le pr\u00e9sident fran\u00e7ais, Emmanuel Macron et dix dirigeants africains se sont r\u00e9unis en conf\u00e9rence t\u00e9l\u00e9phonique, le 3 avril dernier. Y ont pris part Boubacar Ke\u00efta du Mali, Abiy Ahmed de l\u2019Ethiopie, Cyril Ramaphosa de l\u2019Afrique du Sud, Paul Kagam\u00e9 du Rwanda, Macky Sall du S\u00e9n\u00e9gal, F\u00e9lix Tshisekedi de la R\u00e9publique d\u00e9mocratique du Congo, Abdel Fattah al-Sissi de l\u2019Egypte, Uhuru Kenyatta du Kenya, Emmerson Mnangagwa du Zimbabwe et le pr\u00e9sident de la Commission de l\u2019Union africaine, Moussa Faki Mahamat. Cette discussion avait pour objet d\u2019apporter une r\u00e9ponse sanitaire et \u00e9conomique \u00e0 l\u2019\u00e9pid\u00e9mie du coronavirus en Afrique. A l\u2019issue de ces \u00e9changes, l\u2019on annonce pour bient\u00f4t, \u00ab\u00a0une initiative \u00e0 l\u2019\u00e9chelle du continent\u00a0\u00bb et la France s\u2019est propos\u00e9e d\u2019\u00eatre le porte-voix du continent aupr\u00e8s des autres puissances occidentales pour faciliter sa mise en \u0153uvre.<\/em><\/p>\n<p class=\"c3\"><strong><em>Emmanuel Macron fait preuve de constance dans sa fid\u00e9lit\u00e9 \u00e0 l\u2019Afrique<\/em><\/strong><\/p>\n<p class=\"c3\"><em>En attendant la concr\u00e9tisation de cette nouvelle initiative ainsi que les r\u00e9sultats qu\u2019elle produira sur le terrain, l\u2019on peut d\u00e9j\u00e0 f\u00e9liciter le pr\u00e9sident fran\u00e7ais qui, une fois de plus, se fait l\u2019avocat du continent africain. L\u2019on se souvient qu\u2019il occupait d\u00e9j\u00e0 le devant de la sc\u00e8ne dans la mobilisation des Occidentaux dans la lutte contre les groupes terroristes qui \u00e9cument la bande sah\u00e9lo-saharienne. Son engagement est d\u2019autant plus \u00e0 saluer que cette nouvelle initiative va au-del\u00e0 des limites traditionnelles du pr\u00e9-carr\u00e9 fran\u00e7ais pour englober l\u2019enti\u00e8ret\u00e9 de l\u2019espace continental. Malgr\u00e9 le fait qu\u2019il a \u00e9t\u00e9 souvent pay\u00e9 en monnaie de singe par les opinions publiques africaines, Emmanuel Macron fait preuve de constance dans sa fid\u00e9lit\u00e9 \u00e0 l\u2019Afrique.<\/em> <em>Mais l\u2019on sait qu\u2019au-del\u00e0 de l\u2019amiti\u00e9 franco-africaine si souvent magnifi\u00e9e dans les discours officiels, cet attachement au continent est motiv\u00e9 par d\u2019immenses int\u00e9r\u00eats \u00e9conomiques et g\u00e9ostrat\u00e9giques. Ce n\u2019est, en effet, un secret pour personne que c\u2019est l\u2019Afrique qui fait le printemps des multinationales fran\u00e7aises. Il faut donc se donner les moyens de prot\u00e9ger les march\u00e9s de ravitaillement en mati\u00e8res premi\u00e8res et de consommation des produits des entreprises fran\u00e7aises qui sont encore largement les g\u00e9ants de l\u2019\u00e9conomie en Afrique. Ensuite, l\u2019on peut lire dans cette volont\u00e9 \u00ab macronienne \u00bb de tisser toujours des liens plus forts avec l\u2019Afrique, l\u2019ambition de contrer l\u2019emprise grandissante de l\u2019ogre chinois qui, face \u00e0 cette pand\u00e9mie du Covid-19, dispose, en plus des ressources financi\u00e8res et mat\u00e9rielles, de l\u2019exp\u00e9rience dans la gestion de cette catastrophe sanitaire. Enfin, on ne doit pas perdre de vue que dans ce combat contre le coronavirus, les efforts des pays occidentaux seraient vains si la maladie persiste en Afrique dans ce contexte de libre circulation des hommes et des biens. En effet, aucun pays du monde n\u2019est \u00e0 l\u2019abri d\u2019une r\u00e9infection dans un monde devenu un village plan\u00e9taire.<\/em><\/p>\n<p class=\"c3\"><strong><em>Il y a \u00e0 craindre que l\u2019appel de Macron ne serve qu\u2019\u00e0 se donner bonne conscience<\/em><\/strong><\/p>\n<p class=\"c3\"><em>Cela dit, la question que l\u2019on peut se poser est la suivante : dans cette vall\u00e9e de larmes que constituent les pays occidentaux qui n\u2019en finissent plus de compter leurs morts, Macron sera-t-il entendu ? Il serait risqu\u00e9 de r\u00e9pondre par l\u2019affirmative car comme dit le proverbe, \u00ab quand un caillou tombe du ciel, chacun se prot\u00e8ge la t\u00eate \u00bb. Malgr\u00e9 les appels \u00e0 la solidarit\u00e9 internationale, les crocs-en-jambes se multiplient sur la sc\u00e8ne mondiale, si l\u2019on ne prend que le seul exemple du march\u00e9 des masques o\u00f9 r\u00e8gne d\u00e9sormais la loi du plus fort financi\u00e8rement. L\u2019on peut \u00eatre d\u2019autant plus sceptique que l\u2019on a vu comment Macron s\u2019est d\u00e9men\u00e9 seul comme un beau diable pour tenter de convaincre, sans r\u00e9sultats v\u00e9ritablement probants pour l\u2019instant, les m\u00eames puissances occidentales de d\u00e9lier les cordons de la bourse dans la lutte contre les groupes arm\u00e9s au Sahel. Il y a donc \u00e0 craindre que l\u2019appel de Macron ne serve qu\u2019\u00e0 se donner bonne conscience. Mais l\u2019on ne peut que souhaiter que cette fois-ci le cocorico du coq gaulois soit entendu et bien au-del\u00e0 des fronti\u00e8res fran\u00e7aises.<\/em> <em>En attendant que l\u2019\u00e9cho de l\u2019appel du pr\u00e9sident fran\u00e7ais fasse un retour favorable, l\u2019on peut regretter une fois de plus pour l\u2019Afrique que l\u2019initiative soit encore venue d\u2019ailleurs. Alors que partout ailleurs, l\u2019on chante l\u2019hymne \u00e0 l\u2019unit\u00e9 africaine, les dirigeants africains se montrent incapables de f\u00e9d\u00e9rer leurs \u00e9nergies pour pr\u00e9senter un front uni l\u00e0 o\u00f9 m\u00eame les nations les plus nanties du point de vue des ressources \u00e9conomiques et humaines, peinent \u00e0 tirer leur \u00e9pingle du jeu. Au-del\u00e0 des regrets, ce qu\u2019il faut surtout craindre est que les ressources \u00e0 mobiliser dans le cadre de cette initiative franco-africaine, ne soient dilapid\u00e9es dans des plans de riposte \u00e0 la maladie ou de relance \u00e9conomique mal \u00e9chafaud\u00e9s quand tout simplement elles ne viendront pas renforcer les fortunes personnelles de cupides dirigeants. Il y a donc un double d\u00e9fi \u00e0 relever : celui de la lev\u00e9e des fonds que Moussa Faki Mahamat, le pr\u00e9sident de la Commission de l\u2019Union africaine, estime \u00e0 environ 100 \u00e0 150 milliards de dollars comme besoins imm\u00e9diats pour faire face \u00e0 la pand\u00e9mie et celui de la bonne gouvernance afin que les ressources servent effectivement \u00e0 r\u00e9soudre et de fa\u00e7on optimale, la crise sanitaire et son impact socio-\u00e9conomique. Et l\u00e0, les soci\u00e9t\u00e9s civiles africaines si promptes \u00e0 critiquer la politique fran\u00e7aise en Afrique, ont un important r\u00f4le \u00e0 jouer : celui de servir de sentinelle dans la gestion de ces fonds.<\/em><\/p>\n<p class=\"c3\"><strong><em>\u00ab\u00a0Le pays\u00a0\u00bb<\/em><\/strong><\/p>\n<p>Auteur: Le Pays<br \/>\n<a href=\"http:\/\/lepays.bf\/appel-du-president-francais-pour-un-soutien-a-lafrique-contre-le-covid-19-2\/\">Cliquez ici pour lire l&rsquo;article depuis sa source.<\/a><\/p>\n","protected":false},"excerpt":{"rendered":"<p>Face \u00e0 la lutte mondiale acharn\u00e9e contre la pand\u00e9mie du Covid-19, l\u2019\u00e9v\u00e8nement est pass\u00e9 presqu\u2019inaper\u00e7u. En effet, le pr\u00e9sident fran\u00e7ais, Emmanuel Macron et dix dirigeants africains se sont r\u00e9unis en conf\u00e9rence t\u00e9l\u00e9phonique, le 3 avril dernier. Y ont pris part Boubacar Ke\u00efta du Mali, Abiy Ahmed de l\u2019Ethiopie, Cyril Ramaphosa de l\u2019Afrique du Sud, Paul [&hellip;]<\/p>\n","protected":false},"author":1813,"featured_media":0,"comment_status":"closed","ping_status":"closed","sticky":false,"template":"","format":"standard","meta":{"fifu_image_url":"","fifu_image_alt":"","footnotes":""},"categories":[73,81],"tags":[],"class_list":["post-81663","post","type-post","status-publish","format-standard","hentry","category-actualite","category-burkina-faso"],"_links":{"self":[{"href":"https:\/\/linitiative.ca\/International\/wp-json\/wp\/v2\/posts\/81663","targetHints":{"allow":["GET"]}}],"collection":[{"href":"https:\/\/linitiative.ca\/International\/wp-json\/wp\/v2\/posts"}],"about":[{"href":"https:\/\/linitiative.ca\/International\/wp-json\/wp\/v2\/types\/post"}],"author":[{"embeddable":true,"href":"https:\/\/linitiative.ca\/International\/wp-json\/wp\/v2\/users\/1813"}],"replies":[{"embeddable":true,"href":"https:\/\/linitiative.ca\/International\/wp-json\/wp\/v2\/comments?post=81663"}],"version-history":[{"count":0,"href":"https:\/\/linitiative.ca\/International\/wp-json\/wp\/v2\/posts\/81663\/revisions"}],"wp:attachment":[{"href":"https:\/\/linitiative.ca\/International\/wp-json\/wp\/v2\/media?parent=81663"}],"wp:term":[{"taxonomy":"category","embeddable":true,"href":"https:\/\/linitiative.ca\/International\/wp-json\/wp\/v2\/categories?post=81663"},{"taxonomy":"post_tag","embeddable":true,"href":"https:\/\/linitiative.ca\/International\/wp-json\/wp\/v2\/tags?post=81663"}],"curies":[{"name":"wp","href":"https:\/\/api.w.org\/{rel}","templated":true}]}}