{"id":81665,"date":"2020-04-08T14:07:45","date_gmt":"2020-04-08T18:07:45","guid":{"rendered":"https:\/\/linitiative.ca\/International\/budget-alloue-a-la-communication-dans-la-lutte-contre-le-covid-19\/"},"modified":"2020-04-08T14:07:45","modified_gmt":"2020-04-08T18:07:45","slug":"budget-alloue-a-la-communication-dans-la-lutte-contre-le-covid-19","status":"publish","type":"post","link":"https:\/\/linitiative.ca\/International\/budget-alloue-a-la-communication-dans-la-lutte-contre-le-covid-19\/","title":{"rendered":"BUDGET ALLOUE A LA COMMUNICATION DANS LA LUTTE CONTRE LE COVID-19"},"content":{"rendered":"<div class=\"stream-item stream-item-above-post-content\">\n<p><noscript><\/p>\n<p><a href=\"\/\/www3.smartadserver.com\/ac?jump=1&amp;nwid=2136&amp;siteid=240610&amp;pgname=rg&amp;fmtid=49046&amp;visit=m&amp;tmstp=[timestamp]&amp;out=nonrich\" target=\"_blank\" rel=\"noopener noreferrer\"><img decoding=\"async\" src=\"http:\/\/www3.smartadserver.com\/ac?out=nonrich&amp;nwid=2136&amp;siteid=240610&amp;pgname=rg&amp;fmtid=49046&amp;visit=m&amp;tmstp=[timestamp]\" border=\"0\" alt=\"\"\/><\/a><\/p>\n<p><\/noscript><\/div>\n<p class=\"c3\"><em>L\u2019on connait d\u00e9sormais la cl\u00e9 de r\u00e9partition du budget pr\u00e9visionnel du plan de riposte r\u00e9vis\u00e9, dans le cadre de la lutte contre le Covid-19 au Burkina Faso. Un budget estim\u00e9 \u00e0 un peu plus de 177 milliards 900 millions de F CFA, r\u00e9parti en plusieurs volets qui vont de la prise en charge des malades, \u00e0 la s\u00e9curit\u00e9, en passant par la pr\u00e9vention et le contr\u00f4le, la logistique, la coordination, la surveillance \u00e9pid\u00e9miologique, la recherche, etc. La communication n\u2019a pas \u00e9t\u00e9 non plus occult\u00e9e puisque l\u2019Etat pr\u00e9voit d\u2019y injecter un peu plus d\u2019un milliard 384 millions de F CFA. Il faut s\u2019en f\u00e9liciter. D\u2019autant que dans cette rude bataille engag\u00e9e contre la terrible maladie, tous les efforts seraient vains si les acteurs appel\u00e9s \u00e0 informer, \u00e9duquer, sensibiliser sur la pathologie, \u00e9taient les grands oubli\u00e9s de ce plan dans ses aspects financiers. En tous les cas, le d\u00e9fi du changement de comportements qu\u2019impose le nouveau coronavirus, ne saurait \u00eatre relev\u00e9 sans leur apport pour le moins inestimable. C\u2019est dire si le gouvernement a vu juste en affectant une portion du \u00ab nerf de la guerre \u00bb \u00e0 la communication. Et puis, on peut dire que c\u2019est bien m\u00e9rit\u00e9. Car, dans l\u2019exercice de leur noble mission, les hommes de m\u00e9dias sont expos\u00e9s ; eux qui sont toujours au contact de bien des personnes susceptibles d\u2019\u00eatre porteuses du virus.\u00a0<\/em> <em>Plus d\u2019un milliard 384 millions de F CFA \u00e0 la communication ; \u00e7a c\u2019est sur le papier ! Quid de la gestion de ce fonds, quoique pr\u00e9visionnel ? Se fera-t-elle dans les r\u00e8gles de l\u2019art ? Une \u00e9pineuse question \u00e0 laquelle l\u2019on ne saurait r\u00e9pondre par l\u2019affirmative. On peut, en effet, nourrir de s\u00e9rieuses craintes que les acteurs concern\u00e9s par ce fonds destin\u00e9 \u00e0 la communication, notamment les m\u00e9dias, n\u2019y voient que du feu !<\/em><\/p>\n<p class=\"c3\"><strong><em>Attention \u00e0 ne pas passer pour les dindons de la farce!<\/em><\/strong><\/p>\n<p class=\"c3\"><em>Car, c\u2019est connu, dans ce pays, tout le monde veut se \u00ab\u00a0sucrer\u00a0\u00bb sur le dos de la presse. Et tous les moyens sont bons pour y parvenir. Combien de fois, en effet, des budgets allou\u00e9s \u00e0 la communication et destin\u00e9s aux m\u00e9dias, ont fini dans les poches de d\u00e9linquants tapis dans des administrations, et parfois \u00e0 col blanc ? En tous les cas, on attend de voir, \u00e0 l\u2019heure du bilan, si la rigueur, la transparence ainsi que le suivi de la gestion, auront pr\u00e9valu jusqu\u2019au bout. En attendant, on ne saurait faire grief aux m\u00e9dias, de ne pas avoir jou\u00e9 pleinement leur partition dans le combat contre la pand\u00e9mie. Mesurant leur responsabilit\u00e9 sociale dans la croisade contre la propagation du mal, ils n\u2019ont pas manqu\u00e9 \u00e0 leur devoir d\u2019informer et de sensibiliser\u00a0; ce qui, du reste, leur a valu d\u2019\u00eatre f\u00e9licit\u00e9s et remerci\u00e9s \u00e0 bien des occasions. Mais attention \u00e0 ne pas passer pour les dindons de la farce de beaux parleurs aux desseins parfois inavou\u00e9s et inavouables ! Une chose est de crier\u00a0\u00e0 la face des hommes de m\u00e9dias : \u00ab\u00a0On ne serait rien sans vous dans la lutte contre cette maladie\u00a0\u00bb, et une autre est de les consid\u00e9rer comme des partenaires \u00e0 part enti\u00e8re. Ce qui, h\u00e9las, n\u2019est pas toujours le cas. En tout \u00e9tat de cause, du moment que de l\u2019argent sera consacr\u00e9 \u00e0 la communication, les m\u00e9dias, acteurs essentiels de la lutte, devraient aussi en ressentir les retomb\u00e9es, ne serait-ce qu\u2019en terme d\u2019accompagnement. Il serait grave que ces fonds en viennent plut\u00f4t \u00e0 profiter \u00e0 des filous pr\u00eats \u00e0 tout pour \u00e9paissir leur matelas financier.<\/em><\/p>\n<p class=\"c3\"><strong><em>\u00ab Le Pays\u00a0\u00bb<\/em><\/strong><\/p>\n<p>Auteur: Le Pays<br \/>\n<a href=\"http:\/\/lepays.bf\/budget-alloue-a-la-communication-dans-la-lutte-contre-le-covid-19\/\">Cliquez ici pour lire l&rsquo;article depuis sa source.<\/a><\/p>\n","protected":false},"excerpt":{"rendered":"<p>L\u2019on connait d\u00e9sormais la cl\u00e9 de r\u00e9partition du budget pr\u00e9visionnel du plan de riposte r\u00e9vis\u00e9, dans le cadre de la lutte contre le Covid-19 au Burkina Faso. Un budget estim\u00e9 \u00e0 un peu plus de 177 milliards 900 millions de F CFA, r\u00e9parti en plusieurs volets qui vont de la prise en charge des malades, [&hellip;]<\/p>\n","protected":false},"author":1813,"featured_media":0,"comment_status":"closed","ping_status":"closed","sticky":false,"template":"","format":"standard","meta":{"fifu_image_url":"","fifu_image_alt":"","footnotes":""},"categories":[73,81],"tags":[],"class_list":["post-81665","post","type-post","status-publish","format-standard","hentry","category-actualite","category-burkina-faso"],"_links":{"self":[{"href":"https:\/\/linitiative.ca\/International\/wp-json\/wp\/v2\/posts\/81665","targetHints":{"allow":["GET"]}}],"collection":[{"href":"https:\/\/linitiative.ca\/International\/wp-json\/wp\/v2\/posts"}],"about":[{"href":"https:\/\/linitiative.ca\/International\/wp-json\/wp\/v2\/types\/post"}],"author":[{"embeddable":true,"href":"https:\/\/linitiative.ca\/International\/wp-json\/wp\/v2\/users\/1813"}],"replies":[{"embeddable":true,"href":"https:\/\/linitiative.ca\/International\/wp-json\/wp\/v2\/comments?post=81665"}],"version-history":[{"count":0,"href":"https:\/\/linitiative.ca\/International\/wp-json\/wp\/v2\/posts\/81665\/revisions"}],"wp:attachment":[{"href":"https:\/\/linitiative.ca\/International\/wp-json\/wp\/v2\/media?parent=81665"}],"wp:term":[{"taxonomy":"category","embeddable":true,"href":"https:\/\/linitiative.ca\/International\/wp-json\/wp\/v2\/categories?post=81665"},{"taxonomy":"post_tag","embeddable":true,"href":"https:\/\/linitiative.ca\/International\/wp-json\/wp\/v2\/tags?post=81665"}],"curies":[{"name":"wp","href":"https:\/\/api.w.org\/{rel}","templated":true}]}}