{"id":81667,"date":"2020-04-08T05:00:30","date_gmt":"2020-04-08T09:00:30","guid":{"rendered":"https:\/\/linitiative.ca\/International\/a-la-meme-enseigne\/"},"modified":"2020-04-08T05:00:30","modified_gmt":"2020-04-08T09:00:30","slug":"a-la-meme-enseigne","status":"publish","type":"post","link":"https:\/\/linitiative.ca\/International\/a-la-meme-enseigne\/","title":{"rendered":"A la m\u00eame enseigne"},"content":{"rendered":"<div class=\"td-post-featured-image\"><a href=\"https:\/\/i1.wp.com\/www.sidwaya.info\/wp-content\/uploads\/2020\/04\/sidmercure08.jpg?fit=348%2C129&amp;ssl=1\" data-caption=\"\"><img loading=\"lazy\" decoding=\"async\" width=\"348\" height=\"129\" class=\"entry-thumb td-modal-image\" src=\"https:\/\/i1.wp.com\/www.sidwaya.info\/wp-content\/uploads\/2020\/04\/sidmercure08.jpg?resize=348,129&amp;ssl=1\" srcset=\"https:\/\/i1.wp.com\/www.sidwaya.info\/wp-content\/uploads\/2020\/04\/sidmercure08.jpg?w=348&amp;ssl=1 348w, https:\/\/i1.wp.com\/www.sidwaya.info\/wp-content\/uploads\/2020\/04\/sidmercure08.jpg?resize=300%2C111&amp;ssl=1 300w\" sizes=\"auto, (max-width: 348px) 100vw, 348px\" alt=\"\" title=\"sidmercure08\"\/><\/a><\/div>\n<p>Le monde est malade d\u2019un virus qui fait ravage et qui ne fait pas de distinction de race ni de statut, mais qui a le m\u00e9rite de r\u00e9v\u00e9ler \u00e0 l\u2019humanit\u00e9 que sur bien de domaines, et des plus insoup\u00e7onn\u00e9s, nous sommes tous log\u00e9s \u00e0 la m\u00eame enseigne. Quittons simplement le domaine g\u00e9n\u00e9tique, physiologique, pour celui mat\u00e9riel. On est grand parce qu\u2019il y a des petits. C\u2019est la vieille histoire de l\u2019\u00e2ne face au cheval. Chacun dans son entit\u00e9 a, \u00e0 la fois, ses qualit\u00e9s et ses d\u00e9fauts. Sauf que mis en comparaison, l\u2019\u00e2ne ne paye jamais de mine, et donc ne fait pas le poids. Autrement, pris individuellement, face \u00e0 soi-m\u00eame, on n\u2019est ni grand ni petit. L\u2019esp\u00e8ce humaine demeure seulement l\u2019homme ou la femme qui doit pouvoir jouer un r\u00f4le, son r\u00f4le et un jour s\u2019\u00e9clipser. Le coronavirus a surtout ce triste m\u00e9rite de nous montrer que chacun, chaque pays, a des limites en tous domaines. Sur le plan m\u00e9dical, la surprise est totale. Les pays de cette partie de l\u2019humanit\u00e9 dite du Sud, d\u00e9crite comme sous-d\u00e9velopp\u00e9e, arri\u00e9r\u00e9e, sans possibilit\u00e9, se r\u00e9veillent et trouvent que ces m\u00eames tares, ces m\u00eames manques, sont tout aussi valables pour le grand Nord. En tout cas, le COVID-19 en fait la preuve sur un domaine sensible comme la sant\u00e9 o\u00f9, tous, nous sommes d\u00e9pass\u00e9s. Personne ne peut se pr\u00e9valoir de pouvoir \u00e0 lui seul faire face. Les grands pays hier encore vers qui les petits se tournaient pour des choses qu\u2019eux-m\u00eames pouvaient faire, appellent \u00e0 la rescousse. La grande France se r\u00e9f\u00e8re \u00e0 la R\u00e9publique populaire de Chine pour pouvoir se doter en gaz de respiration. Et oh sublime surprise, Moscou vient en soutien \u00e0 New York, mettant sous boisseau ce d\u00e9bat, inutile et pu\u00e9ril, sur une question de g\u00e9odomination, la course \u00e0 l\u2019armement. Cuba de Fidel Castro vient en sauveur de grandes nations qui, hier, ne pouvaient certainement pas penser avoir besoin des services d\u2019un Etat communiste qui ne sait faire qu\u2019envoyer des corps exp\u00e9ditionnaires dans les zones conflictuelles. Zut de l\u2019Afrique\u00a0! Ses principaux soutiens qu\u00e9mandent l\u00e0 o\u00f9 elle avait pignon sur rue. Toute blague mise \u00e0 part, cette maladie va mettre les compteurs \u00e0 z\u00e9ro dans bien de secteurs n\u00e9vralgiques de la vie individuellement pris, et \u00e0 l\u2019entit\u00e9 des nations. Les peuples, les gouvernements qui sauront lire entre les lignes et qui poseront un diagnostic sans complaisance, sont ceux qui, demain, pourront d\u00e9j\u00e0 tisser les bases de leur souverainet\u00e9. Nous parlons de demain parce que dans l\u2019histoire de l\u2019humanit\u00e9, aucun virus n\u2019a pu s\u2019imposer au point de r\u00e9duire les Hommes \u00e0 ce niveau. Nous viendrons \u00e0 bout de ce terrible virus, qui ne sera qu\u2019un triste et lointain souvenir. Mais, il faudra nous pr\u00e9parer \u00e0 repartir sur des bases propres \u00e0 nous, revoir nos priorit\u00e9s, cesser nos j\u00e9r\u00e9miades. Nous devons \u00eatre conscients, si nous ne le sommes d\u00e9j\u00e0. Personne n\u2019est \u00e0 l\u2019abri de tout cataclysme. C\u2019est d\u00e9j\u00e0 bien de songer \u00e0 l\u2019apr\u00e8s COVID-19. Et surtout int\u00e9grer qu\u2019en dehors de la gloriole, nous sommes tous log\u00e9s \u00e0 la m\u00eame enseigne, m\u00eame si chacun va \u00e0 son rythme. C\u2019est bien un eccl\u00e9siaste, Mgr Isidore de Souza du B\u00e9nin, qui disait qu\u2019il n\u2019a jamais compris la d\u00e9nomination \u00ab\u00a0pays sous-d\u00e9velopp\u00e9s\u00a0\u00bb. Tous les pays sont en qu\u00eate de d\u00e9veloppement. La preuve.<\/p>\n<p>Jean Philippe TOUGOUMA<\/p>\n<div class=\"td-a-rec td-a-rec-id-content_bottom tdi_30_d58 td_block_template_1\"><img loading=\"lazy\" decoding=\"async\" class=\"aligncenter size-full wp-image-9623\" src=\"https:\/\/www.sidwaya.info\/wp-content\/uploads\/2019\/06\/Projet-bannie\u0300re-Orange-mobile.jpg\" alt=\"\" width=\"728\" height=\"81\"\/><\/div>\n<p>Auteur: BM. Sidwaya<br \/>\n<a href=\"https:\/\/www.sidwaya.info\/blog\/2020\/04\/08\/a-la-meme-enseigne\/\">Cliquez ici pour lire l&rsquo;article depuis sa source.<\/a><\/p>\n","protected":false},"excerpt":{"rendered":"<p>Le monde est malade d\u2019un virus qui fait ravage et qui ne fait pas de distinction de race ni de statut, mais qui a le m\u00e9rite de r\u00e9v\u00e9ler \u00e0 l\u2019humanit\u00e9 que sur bien de domaines, et des plus insoup\u00e7onn\u00e9s, nous sommes tous log\u00e9s \u00e0 la m\u00eame enseigne. Quittons simplement le domaine g\u00e9n\u00e9tique, physiologique, pour celui [&hellip;]<\/p>\n","protected":false},"author":1816,"featured_media":0,"comment_status":"closed","ping_status":"closed","sticky":false,"template":"","format":"standard","meta":{"fifu_image_url":"","fifu_image_alt":"","footnotes":""},"categories":[73,81],"tags":[],"class_list":["post-81667","post","type-post","status-publish","format-standard","hentry","category-actualite","category-burkina-faso"],"_links":{"self":[{"href":"https:\/\/linitiative.ca\/International\/wp-json\/wp\/v2\/posts\/81667","targetHints":{"allow":["GET"]}}],"collection":[{"href":"https:\/\/linitiative.ca\/International\/wp-json\/wp\/v2\/posts"}],"about":[{"href":"https:\/\/linitiative.ca\/International\/wp-json\/wp\/v2\/types\/post"}],"author":[{"embeddable":true,"href":"https:\/\/linitiative.ca\/International\/wp-json\/wp\/v2\/users\/1816"}],"replies":[{"embeddable":true,"href":"https:\/\/linitiative.ca\/International\/wp-json\/wp\/v2\/comments?post=81667"}],"version-history":[{"count":0,"href":"https:\/\/linitiative.ca\/International\/wp-json\/wp\/v2\/posts\/81667\/revisions"}],"wp:attachment":[{"href":"https:\/\/linitiative.ca\/International\/wp-json\/wp\/v2\/media?parent=81667"}],"wp:term":[{"taxonomy":"category","embeddable":true,"href":"https:\/\/linitiative.ca\/International\/wp-json\/wp\/v2\/categories?post=81667"},{"taxonomy":"post_tag","embeddable":true,"href":"https:\/\/linitiative.ca\/International\/wp-json\/wp\/v2\/tags?post=81667"}],"curies":[{"name":"wp","href":"https:\/\/api.w.org\/{rel}","templated":true}]}}