{"id":81669,"date":"2020-04-08T05:13:52","date_gmt":"2020-04-08T09:13:52","guid":{"rendered":"https:\/\/linitiative.ca\/International\/les-loyers-des-marches-et-yaars-de-ouaga-suspendus\/"},"modified":"2020-04-08T05:13:52","modified_gmt":"2020-04-08T09:13:52","slug":"les-loyers-des-marches-et-yaars-de-ouaga-suspendus","status":"publish","type":"post","link":"https:\/\/linitiative.ca\/International\/les-loyers-des-marches-et-yaars-de-ouaga-suspendus\/","title":{"rendered":"Les loyers des march\u00e9s et yaars de Ouaga suspendus"},"content":{"rendered":"<p>Il est parvenu \u00e0 Kantigui que les loyers des boutiques, des march\u00e9s et yaars g\u00e9r\u00e9s par la commune de Ouagadougou et l\u2019Agence de d\u00e9veloppement \u00e9conomique urbain (ADEU), l\u2019ex-RAGEM, des jardins, des caf\u00e9t\u00e9rias, des droits de places et de stationnement des taxis sont suspendus pour trois mois (avril, mai, juin 2020). Cette mesure, a-t-on souffl\u00e9 \u00e0 Kantigui, a \u00e9t\u00e9 d\u00e9cid\u00e9e par le maire de la commune de Ouagadougou, en application des mesures sociales et \u00e9conomiques prises par le pr\u00e9sident du Faso pour soutenir les entreprises et les particuliers affect\u00e9s par le COVID-19. Concernant la prise en charge des frais de gardiennage des march\u00e9s ferm\u00e9s et non g\u00e9r\u00e9s par l\u2019ADEU, a retenu Kantigui, des dispositions sont en train d\u2019\u00eatre prises avec le minist\u00e8re en charge de l\u2019\u00e9conomie. Cette d\u00e9cision prise \u00e0 titre conservatoire, sera soumise ult\u00e9rieurement au conseil municipal.<\/p>\n<p>A quand une ambulance pour le CHR de Kaya ?<\/p>\n<p>Kantigui s\u2019\u00e9tait r\u00e9joui de savoir que le Centre hospitalier r\u00e9gional (CHR) de Kaya devait acqu\u00e9rir une ambulance au plus tard en novembre 2019, pour pallier les difficult\u00e9s d\u2019\u00e9vacuation des malades. Malheureusement, plus de cinq mois apr\u00e8s, l\u2019ambulance est toujours attendue. Kantigui se demande ce qui se passe avec la passation de march\u00e9 \u00e0 proc\u00e9dure simplifi\u00e9e au regard de l\u2019urgence. Pourtant, l\u2019unique ambulance du centre hospitalier est hors d\u2019usage et les \u00e9vacuations se font des Centres de sant\u00e9 et de promotion sociale (CSPS) vers le CHR et du CHR vers les Centres hospitaliers universitaires (CHU) de Ouagadougou, avec le seul v\u00e9hicule du district sanitaire de Kaya. Kantigui s\u2019inqui\u00e8te de cette situation surtout en ce temps de crise sanitaire.<\/p>\n<p>La r\u00e9ouverture des march\u00e9s \u00e0 l\u2019\u00e9tude<\/p>\n<p>Dans un communiqu\u00e9, le gouverneur de la r\u00e9gion du Centre avait d\u00e9cid\u00e9 notamment, de la fermeture des march\u00e9s de la ville de Ouagadougou, du 25 mars au 20 avril 2020, pour mieux lutter contre le coronavirus. Il est tomb\u00e9 dans l\u2019oreille de Kantigui qu\u2019\u00e0 l\u2019approche de l\u2019\u00e9ch\u00e9ance, une rencontre a r\u00e9uni la mairie de Ouagadougou et l\u2019ensemble des acteurs impliqu\u00e9s dans la gestion de ces march\u00e9s. Il est revenu \u00e0 Kantigui qu\u2019au sortir de cette rencontre qui a abord\u00e9 plusieurs sujets, il a \u00e9t\u00e9 d\u00e9cid\u00e9 de la mise en place d\u2019un comit\u00e9 technique charg\u00e9 de faire des propositions de r\u00e9ouverture des march\u00e9s et yaars, \u00ab \u00e0 la condition du strict respect des mesures barri\u00e8res \u00e9dict\u00e9es par le gouvernement \u00bb. Ce comit\u00e9, selon la source de Kantigui, est compos\u00e9 des acteurs principaux, des forces de d\u00e9fense et de s\u00e9curit\u00e9, des services de sant\u00e9 et d\u2019hygi\u00e8ne publique. \u00ab Le comit\u00e9 doit proposer dans les meilleurs d\u00e9lais, des approches et solutions p\u00e9rennes pour une r\u00e9ouverture saine et disciplin\u00e9e des structures marchandes dans la commune \u00bb, a pr\u00e9cis\u00e9 l\u2019informateur de Kantigui. Le grand march\u00e9 de Ouagadougou devrait servir d\u2019exp\u00e9rience pilote de mise en pratique des approches retenues.<\/p>\n<p>Des m\u00e9decins saoudiens en renfort en France<\/p>\n<p>Dans ses recherches quotidiennes de l\u2019information, Kantigui a appris que 280 m\u00e9decins saoudiens ont d\u00e9cid\u00e9 de rester en France pour aider l\u2019Hexagone dans la lutte contre le COVID-19. Selon une note de l\u2019attach\u00e9 culturel de l\u2019ambassade d\u2019Arabie saoudite en France et en Suisse, Dr Abdallah Al Sunyan, que Kantigui a consult\u00e9e, cette initiative des m\u00e9decins qui travaillent au premier rang dans les h\u00f4pitaux fran\u00e7ais, s\u2019inscrit dans le cadre du programme de sp\u00e9cialisation franco-saoudien. Face \u00e0 la pand\u00e9mie du COVID-19, les m\u00e9decins concern\u00e9s ont opt\u00e9 d\u2019aider leurs coll\u00e8gues fran\u00e7ais. Cette d\u00e9marche, a dit le Dr Al Sunyan, refl\u00e8te le sens \u00e9lev\u00e9 d\u2019humanisme, de responsabilit\u00e9 et l\u2019esprit d\u2019entraide dont font preuve les m\u00e9decins saoudiens.<\/p>\n<p>Pas de coronavirus \u00e0 Orodara<\/p>\n<p>Kantigui est tomb\u00e9, hier mardi 7 avril 2020, sur un communiqu\u00e9 de la commune urbaine de Orodara, post\u00e9 sur sa page Facebook, apportant un d\u00e9menti \u00e0 un cas confirm\u00e9 de coronavirus. L\u2019information a \u00e9t\u00e9 donn\u00e9e par Radio Burkina, ce qui aurait cr\u00e9\u00e9 une certaine psychose dans le chef-lieu de la province du K\u00e9n\u00e9dougou. \u00ab Un article diffus\u00e9 sur les ondes de Radio Burkina dans ses \u00e9ditions du journal de 6 h et 7 h faisait \u00e9tat d\u2019un cas av\u00e9r\u00e9 de COVID-19 dans la commune de Orodara. Nous tenons \u00e0 porter \u00e0 votre connaissance que cette information est totalement fausse et de nul effet. Pour l\u2019instant et suivant avis du M\u00e9decin chef du district (MCD), aucun cas n\u2019a \u00e9t\u00e9 signal\u00e9 \u00e0 Orodara \u00bb, a lu Kantigui dans la note en question. Du reste, l\u2019autorit\u00e9 communale invite les habitants de la \u00ab cit\u00e9 du verger \u00bb \u00e0 vaquer \u00e0 leurs occupations, tout en adoptant les gestes barri\u00e8res.<\/p>\n<p>Kantigui<br \/>kantigui2000@gmail.com<br \/>(00226) 25 31 22 89<\/p>\n<div class=\"td-a-rec td-a-rec-id-content_bottom tdi_30_1c1 td_block_template_1\"><img loading=\"lazy\" decoding=\"async\" class=\"aligncenter size-full wp-image-9623\" src=\"https:\/\/www.sidwaya.info\/wp-content\/uploads\/2019\/06\/Projet-bannie\u0300re-Orange-mobile.jpg\" alt=\"\" width=\"728\" height=\"81\"\/><\/div>\n<p>Auteur: BM. Sidwaya<br \/>\n<a href=\"https:\/\/www.sidwaya.info\/blog\/2020\/04\/08\/les-loyers-des-marches-et-yaars-de-ouaga-suspendus\/\">Cliquez ici pour lire l&rsquo;article depuis sa source.<\/a><\/p>\n","protected":false},"excerpt":{"rendered":"<p>Il est parvenu \u00e0 Kantigui que les loyers des boutiques, des march\u00e9s et yaars g\u00e9r\u00e9s par la commune de Ouagadougou et l\u2019Agence de d\u00e9veloppement \u00e9conomique urbain (ADEU), l\u2019ex-RAGEM, des jardins, des caf\u00e9t\u00e9rias, des droits de places et de stationnement des taxis sont suspendus pour trois mois (avril, mai, juin 2020). Cette mesure, a-t-on souffl\u00e9 \u00e0 [&hellip;]<\/p>\n","protected":false},"author":1816,"featured_media":81670,"comment_status":"closed","ping_status":"closed","sticky":false,"template":"","format":"standard","meta":{"fifu_image_url":"","fifu_image_alt":"","footnotes":""},"categories":[73,81],"tags":[],"class_list":["post-81669","post","type-post","status-publish","format-standard","has-post-thumbnail","hentry","category-actualite","category-burkina-faso"],"_links":{"self":[{"href":"https:\/\/linitiative.ca\/International\/wp-json\/wp\/v2\/posts\/81669","targetHints":{"allow":["GET"]}}],"collection":[{"href":"https:\/\/linitiative.ca\/International\/wp-json\/wp\/v2\/posts"}],"about":[{"href":"https:\/\/linitiative.ca\/International\/wp-json\/wp\/v2\/types\/post"}],"author":[{"embeddable":true,"href":"https:\/\/linitiative.ca\/International\/wp-json\/wp\/v2\/users\/1816"}],"replies":[{"embeddable":true,"href":"https:\/\/linitiative.ca\/International\/wp-json\/wp\/v2\/comments?post=81669"}],"version-history":[{"count":0,"href":"https:\/\/linitiative.ca\/International\/wp-json\/wp\/v2\/posts\/81669\/revisions"}],"wp:featuredmedia":[{"embeddable":true,"href":"https:\/\/linitiative.ca\/International\/wp-json\/"}],"wp:attachment":[{"href":"https:\/\/linitiative.ca\/International\/wp-json\/wp\/v2\/media?parent=81669"}],"wp:term":[{"taxonomy":"category","embeddable":true,"href":"https:\/\/linitiative.ca\/International\/wp-json\/wp\/v2\/categories?post=81669"},{"taxonomy":"post_tag","embeddable":true,"href":"https:\/\/linitiative.ca\/International\/wp-json\/wp\/v2\/tags?post=81669"}],"curies":[{"name":"wp","href":"https:\/\/api.w.org\/{rel}","templated":true}]}}