{"id":81673,"date":"2020-04-08T14:06:59","date_gmt":"2020-04-08T18:06:59","guid":{"rendered":"https:\/\/linitiative.ca\/International\/cameroun-covid-19-les-usa-plaident-pour-lacces-de-lonu-dans-les-zones-en-conflit\/"},"modified":"2020-04-08T14:06:59","modified_gmt":"2020-04-08T18:06:59","slug":"cameroun-covid-19-les-usa-plaident-pour-lacces-de-lonu-dans-les-zones-en-conflit","status":"publish","type":"post","link":"https:\/\/linitiative.ca\/International\/cameroun-covid-19-les-usa-plaident-pour-lacces-de-lonu-dans-les-zones-en-conflit\/","title":{"rendered":"Cameroun-Covid-19 : les USA plaident pour l\u2019acc\u00e8s de l\u2019ONU dans les zones en conflit"},"content":{"rendered":"<div readability=\"32\">\n<p>Publi\u00e9 le 08.04.2020 \u00e0 19h06 par Christian Djimadeu<\/p>\n<\/div>\n<div readability=\"72\">\n<h2 class=\"c4\">Son ambassade au Cameroun demande au gouvernement camerounais de permettre\u00a0 que le Service a\u00e9rien humanitaire des Nations Unies continue d\u2019intervenir dans le Nord-Ouest notamment. Elle \u00a0f\u00e9licite \u00e9galement \u00a0les efforts du personnel de sant\u00e9 camerounais, engag\u00e9 dans la lutte contre le Coronavirus.<\/h2>\n<p class=\"c5\">En contexte de Pand\u00e9mie du <strong>Coronavirus<\/strong>, les <strong>Etats-Unis<\/strong>\u00a0gardent un regard sur la situation dans le Nord-ouest et le Sud-ouest\u00a0 o\u00f9 l\u2019arm\u00e9e m\u00e8ne une lutte contre des groupes s\u00e9cessionnistes. Son ambassade l\u2019a fait savoir ce 8 avril 2020 par une note publi\u00e9e sur ses pages Web. \u00ab\u00a0 <em>Nous demandons au gouvernement et aux groupes d\u2019opposition arm\u00e9s de permettre un acc\u00e8s sans entrave aux travailleurs de la sant\u00e9 et de l\u2019aide humanitaire\u00a0<\/em>\u00bb.<\/p>\n<p class=\"c5\">Le pays de <strong>Donald Trump<\/strong> \u00a0ne s\u2019arr\u00eate pas l\u00e0 dans ses r\u00e9clamations. \u00ab\u00a0<em>Nous demandons au gouvernement de permettre au Service a\u00e9rien humanitaire des <strong>Nations Unies<\/strong> de continuer \u00e0 transporter les acteurs et fournitures m\u00e9dicales pour aider les personnes dans le besoin d\u2019assistance dans\u00a0 lutte contre COVID-19<\/em>\u00a0\u00bb.<\/p>\n<p class=\"c5\">Concernant le personnel m\u00e9dical que le monde c\u00e9l\u00e8bre cette semaine, les USA encouragent les professionnels camerounais. \u00a0\u00ab\u00a0<em>L\u2019ambassade des \u00c9tats-Unis f\u00e9licite tous les agents de sant\u00e9 camerounais qui combattent le <strong>COVID-19,\u00a0<\/strong> qui fournissent des soins vitaux et prot\u00e8gent les autres de la maladie\u00a0<\/em>\u00bb, \u00e9crit l\u2019institution que dirige <strong>Peter Henry Barlerin<\/strong>.<\/p>\n<p class=\"c5\">Elle \u00a0rend aussi hommage \u00e0 la famille du m\u00e9decin, Michel Tchouamo d\u00e9c\u00e9d\u00e9 des suites de Covid-19. \u00a0\u00ab\u00a0<em>Nous pr\u00e9sentons nos condol\u00e9ances \u00e0 la famille et aux amis des professionnels de la sant\u00e9 camerounais et \u00e0 ceux qui ont perdu la vie \u00e0 COVID-19.\u00a0\u00bb.<\/em><\/p>\n<p class=\"c5\">Dans le cadre de la lutte contre le Covid-19, les \u00a0USA se montrent dispos\u00e9s \u00e0 soutenir \u00a0davantage\u00a0 le Cameroun. \u00a0Ceci, apr\u00e8s avoir\u00a0 construit le Centre des op\u00e9rations d\u2019urgence de sant\u00e9 publique \u00e0 Yaound\u00e9, \u00a0form\u00e9 \u00a0son personnel, facilit\u00e9 l\u2019accr\u00e9ditation de cinq laboratoires dont le Centre Pasteur de \u00a0Yaound\u00e9 qui \u00a0effectue actuellement des tests de d\u00e9tection du COVID-19.<\/p>\n<p class=\"c5\">\u00ab\u00a0<em>Les \u00c9tats-Unis apportent un soutien technique et financier \u00e0 la r\u00e9ponse COVID-19 au Cameroun et ont r\u00e9cemment annonc\u00e9 un nouvel investissement de 1,4 million de dollars pour accro\u00eetre la lutte contre les infections dans les principaux \u00e9tablissements de sant\u00e9, renforcer les laboratoires et la surveillance, pr\u00e9parer les communaut\u00e9s et renforcer la messagerie locale au Cameroun<\/em>\u00a0\u00bb, \u00e9nonce l\u2019ambassade sur son site internet.<\/p>\n<\/div>\n<p>Auteur: Christian DJIMADEU<br \/>\n<a href=\"https:\/\/www.journalducameroun.com\/cameroun-covid-19-les-usa-plaident-pour-lacces-de-lonu-dans-les-zones-en-conflit-cameroun\/\">Cliquez ici pour lire l&rsquo;article depuis sa source.<\/a><\/p>\n","protected":false},"excerpt":{"rendered":"<p>Publi\u00e9 le 08.04.2020 \u00e0 19h06 par Christian Djimadeu Son ambassade au Cameroun demande au gouvernement camerounais de permettre\u00a0 que le Service a\u00e9rien humanitaire des Nations Unies continue d\u2019intervenir dans le Nord-Ouest notamment. Elle \u00a0f\u00e9licite \u00e9galement \u00a0les efforts du personnel de sant\u00e9 camerounais, engag\u00e9 dans la lutte contre le Coronavirus. En contexte de Pand\u00e9mie du Coronavirus, [&hellip;]<\/p>\n","protected":false},"author":1965,"featured_media":0,"comment_status":"closed","ping_status":"closed","sticky":false,"template":"","format":"standard","meta":{"fifu_image_url":"","fifu_image_alt":"","footnotes":""},"categories":[73,82],"tags":[],"class_list":["post-81673","post","type-post","status-publish","format-standard","hentry","category-actualite","category-cameroun"],"_links":{"self":[{"href":"https:\/\/linitiative.ca\/International\/wp-json\/wp\/v2\/posts\/81673","targetHints":{"allow":["GET"]}}],"collection":[{"href":"https:\/\/linitiative.ca\/International\/wp-json\/wp\/v2\/posts"}],"about":[{"href":"https:\/\/linitiative.ca\/International\/wp-json\/wp\/v2\/types\/post"}],"author":[{"embeddable":true,"href":"https:\/\/linitiative.ca\/International\/wp-json\/wp\/v2\/users\/1965"}],"replies":[{"embeddable":true,"href":"https:\/\/linitiative.ca\/International\/wp-json\/wp\/v2\/comments?post=81673"}],"version-history":[{"count":0,"href":"https:\/\/linitiative.ca\/International\/wp-json\/wp\/v2\/posts\/81673\/revisions"}],"wp:attachment":[{"href":"https:\/\/linitiative.ca\/International\/wp-json\/wp\/v2\/media?parent=81673"}],"wp:term":[{"taxonomy":"category","embeddable":true,"href":"https:\/\/linitiative.ca\/International\/wp-json\/wp\/v2\/categories?post=81673"},{"taxonomy":"post_tag","embeddable":true,"href":"https:\/\/linitiative.ca\/International\/wp-json\/wp\/v2\/tags?post=81673"}],"curies":[{"name":"wp","href":"https:\/\/api.w.org\/{rel}","templated":true}]}}