{"id":81675,"date":"2020-04-08T14:18:05","date_gmt":"2020-04-08T18:18:05","guid":{"rendered":"https:\/\/linitiative.ca\/International\/covid-19-deces-de-hudeydi-celebre-figure-de-la-musique-somalienne\/"},"modified":"2020-04-08T14:18:05","modified_gmt":"2020-04-08T18:18:05","slug":"covid-19-deces-de-hudeydi-celebre-figure-de-la-musique-somalienne","status":"publish","type":"post","link":"https:\/\/linitiative.ca\/International\/covid-19-deces-de-hudeydi-celebre-figure-de-la-musique-somalienne\/","title":{"rendered":"Covid-19 : d\u00e9c\u00e8s de Hudeydi, c\u00e9l\u00e8bre figure de la musique somalienne"},"content":{"rendered":"<div readability=\"32\">\n<p>Publi\u00e9 le 08.04.2020 \u00e0 19h18 par APA News<\/p>\n<\/div>\n<div readability=\"53\">\n<p>L\u2019une des figures embl\u00e9matiques de la musique somalienne de l\u2019\u00e8re moderne est d\u00e9c\u00e9d\u00e9e des suites du coronavirus \u00e0 Londres, a annonc\u00e9 mercredi une organisation d\u00e9di\u00e9e \u00e0 l\u2019art.Ahmed Ismail Hussein Hudeydi, a succomb\u00e9 \u00e0 cette maladie respiratoire \u00e0 l\u2019\u00e2ge de 92 ans, a d\u00e9clar\u00e9 le groupe artistique somalien Kayd.<\/p>\n<p>Hudeydi est v\u00e9n\u00e9r\u00e9 comme l\u2019un des musiciens les plus talentueux de la Somalie moderne avec des \u0153uvres durables remontant \u00e0 la lutte pour l\u2019ind\u00e9pendance de son pays.<\/p>\n<p>Il est g\u00e9n\u00e9ralement consid\u00e9r\u00e9 par les Somaliens comme un musicien engag\u00e9 politiquement, ayant pour mission de combattre le colonialisme avec sa musique dans les ann\u00e9es 50 et 60.<\/p>\n<p>Ses chansons ont \u00e9t\u00e9 presque interdites par les autorit\u00e9s somaliennes qui les consid\u00e9raient comme une \u0153uvre du diable.<\/p>\n<p>Apr\u00e8s avoir d\u00e9m\u00e9nag\u00e9 au Royaume-Uni en 1973, Hudeydi a utilis\u00e9 son instrument appel\u00e9 oud pour des prestations lors des mariages et d\u2019autres \u00e9v\u00e8nements associ\u00e9s \u00e0 la communaut\u00e9 somalienne.<\/p>\n<\/div>\n<p>Auteur: APA News<br \/>\n<a href=\"https:\/\/www.journalducameroun.com\/covid-19-deces-de-hudeydi-celebre-figure-de-la-musique-somalienne\/\">Cliquez ici pour lire l&rsquo;article depuis sa source.<\/a><\/p>\n","protected":false},"excerpt":{"rendered":"<p>Publi\u00e9 le 08.04.2020 \u00e0 19h18 par APA News L\u2019une des figures embl\u00e9matiques de la musique somalienne de l\u2019\u00e8re moderne est d\u00e9c\u00e9d\u00e9e des suites du coronavirus \u00e0 Londres, a annonc\u00e9 mercredi une organisation d\u00e9di\u00e9e \u00e0 l\u2019art.Ahmed Ismail Hussein Hudeydi, a succomb\u00e9 \u00e0 cette maladie respiratoire \u00e0 l\u2019\u00e2ge de 92 ans, a d\u00e9clar\u00e9 le groupe artistique somalien [&hellip;]<\/p>\n","protected":false},"author":1965,"featured_media":0,"comment_status":"closed","ping_status":"closed","sticky":false,"template":"","format":"standard","meta":{"fifu_image_url":"","fifu_image_alt":"","footnotes":""},"categories":[73,82],"tags":[],"class_list":["post-81675","post","type-post","status-publish","format-standard","hentry","category-actualite","category-cameroun"],"_links":{"self":[{"href":"https:\/\/linitiative.ca\/International\/wp-json\/wp\/v2\/posts\/81675","targetHints":{"allow":["GET"]}}],"collection":[{"href":"https:\/\/linitiative.ca\/International\/wp-json\/wp\/v2\/posts"}],"about":[{"href":"https:\/\/linitiative.ca\/International\/wp-json\/wp\/v2\/types\/post"}],"author":[{"embeddable":true,"href":"https:\/\/linitiative.ca\/International\/wp-json\/wp\/v2\/users\/1965"}],"replies":[{"embeddable":true,"href":"https:\/\/linitiative.ca\/International\/wp-json\/wp\/v2\/comments?post=81675"}],"version-history":[{"count":0,"href":"https:\/\/linitiative.ca\/International\/wp-json\/wp\/v2\/posts\/81675\/revisions"}],"wp:attachment":[{"href":"https:\/\/linitiative.ca\/International\/wp-json\/wp\/v2\/media?parent=81675"}],"wp:term":[{"taxonomy":"category","embeddable":true,"href":"https:\/\/linitiative.ca\/International\/wp-json\/wp\/v2\/categories?post=81675"},{"taxonomy":"post_tag","embeddable":true,"href":"https:\/\/linitiative.ca\/International\/wp-json\/wp\/v2\/tags?post=81675"}],"curies":[{"name":"wp","href":"https:\/\/api.w.org\/{rel}","templated":true}]}}