{"id":81676,"date":"2020-04-08T14:18:07","date_gmt":"2020-04-08T18:18:07","guid":{"rendered":"https:\/\/linitiative.ca\/International\/g-bissau-des-motocyclettes-pour-controler-les-frontieres-face-au-covid-19\/"},"modified":"2020-04-08T14:18:07","modified_gmt":"2020-04-08T18:18:07","slug":"g-bissau-des-motocyclettes-pour-controler-les-frontieres-face-au-covid-19","status":"publish","type":"post","link":"https:\/\/linitiative.ca\/International\/g-bissau-des-motocyclettes-pour-controler-les-frontieres-face-au-covid-19\/","title":{"rendered":"G\/Bissau : Des motocyclettes pour contr\u00f4ler les fronti\u00e8res face au Covid-19"},"content":{"rendered":"<div readability=\"32\">\n<p>Publi\u00e9 le 08.04.2020 \u00e0 19h18 par APA News<\/p>\n<\/div>\n<div readability=\"74\">\n<p>Le gouvernement Bissau-guin\u00e9en a remis ce mercredi 100 motocyclettes aux forces de s\u00e9curit\u00e9 du pays pour am\u00e9liorer le contr\u00f4le des fronti\u00e8res avec le S\u00e9n\u00e9gal et la Guin\u00e9e-Conakry dans le cadre de la lutte et la pr\u00e9vention de la nouvelle pand\u00e9mie de coronavirus.Le premier-ministre bissau-guin\u00e9en, Nuno Gomes Na Biam, a affirm\u00e9 que le gouvernement a livr\u00e9 ces motos au ministre de l\u2019Int\u00e9rieur pour renforcer le travail des agents d\u00e9ploy\u00e9s \u00e0 ces fronti\u00e8res.<\/p>\n<p>Nuno Nabian a soulign\u00e9 que les populations devraient suivre les recommandations des autorit\u00e9s et rester chez elles.<\/p>\n<p>Le chef du gouvernement a salu\u00e9 le \u00ab brillant travail \u00bb accompli par les forces de s\u00e9curit\u00e9 et de d\u00e9fense concernant le \u00ab contr\u00f4le de la population \u00bb afin d\u2019\u00e9viter la propagation du virus.<\/p>\n<p>Plusieurs citoyens bissau-guin\u00e9ens ont d\u00e9nonc\u00e9 le recours excessif \u00e0 la force par les forces de s\u00e9curit\u00e9 pour emp\u00eacher les populations de se d\u00e9placer dans la capitale Bissau et dans les principales villes du pays.<\/p>\n<p>L\u2019action de la police a d\u00e9j\u00e0 conduit le gouvernement \u00e0 pr\u00e9senter des excuses \u00e0 la population, tout en pr\u00e9cisant que l\u2019\u00e9tat d\u2019urgence n\u2019est pas une \u00ab carte blanche \u00bb pour le recours syst\u00e9matique \u00e0 la violence contre la population.<\/p>\n<p>Dans sa d\u00e9claration \u00e0 la presse, Nuno Gomes Nabian a \u00e9galement \u00e9voqu\u00e9 la possibilit\u00e9 de fermer les voies vers l\u2019int\u00e9rieur du pays, pour \u00e9viter la propagation du virus dans les r\u00e9gions jusque-l\u00e0 \u00e9pargn\u00e9es.<\/p>\n<p>Pour cette raison, Nabiam a soulign\u00e9 l\u2019int\u00e9r\u00eat d\u2019un tel travail pr\u00e9paratoire \u00ab pour ne pas permettre le mouvement de personnes vers l\u2019int\u00e9rieur \u00bb.<\/p>\n<p>Selon les donn\u00e9es publi\u00e9es lundi par les autorit\u00e9s sanitaires, la Guin\u00e9e-Bissau compte 33 cas confirm\u00e9s, alors que les suspects sont estim\u00e9s \u00e0 un millier.<\/p>\n<p>Pour contenir la propagation du nouveau coronavirus, le gouvernement bissau-guin\u00e9en a pris plusieurs mesures dont l\u2019\u00e9tat d\u2019urgence, l\u2019isolement social et la limitation de la circulation des personnes et des v\u00e9hicules entre 07h00 a 11h00 heures du matin.<\/p>\n<\/div>\n<p>Auteur: APA News<br \/>\n<a href=\"https:\/\/www.journalducameroun.com\/g-bissau-des-motocyclettes-pour-controler-les-frontieres-face-au-covid-19\/\">Cliquez ici pour lire l&rsquo;article depuis sa source.<\/a><\/p>\n","protected":false},"excerpt":{"rendered":"<p>Publi\u00e9 le 08.04.2020 \u00e0 19h18 par APA News Le gouvernement Bissau-guin\u00e9en a remis ce mercredi 100 motocyclettes aux forces de s\u00e9curit\u00e9 du pays pour am\u00e9liorer le contr\u00f4le des fronti\u00e8res avec le S\u00e9n\u00e9gal et la Guin\u00e9e-Conakry dans le cadre de la lutte et la pr\u00e9vention de la nouvelle pand\u00e9mie de coronavirus.Le premier-ministre bissau-guin\u00e9en, Nuno Gomes Na [&hellip;]<\/p>\n","protected":false},"author":1965,"featured_media":0,"comment_status":"closed","ping_status":"closed","sticky":false,"template":"","format":"standard","meta":{"fifu_image_url":"","fifu_image_alt":"","footnotes":""},"categories":[73,82],"tags":[],"class_list":["post-81676","post","type-post","status-publish","format-standard","hentry","category-actualite","category-cameroun"],"_links":{"self":[{"href":"https:\/\/linitiative.ca\/International\/wp-json\/wp\/v2\/posts\/81676","targetHints":{"allow":["GET"]}}],"collection":[{"href":"https:\/\/linitiative.ca\/International\/wp-json\/wp\/v2\/posts"}],"about":[{"href":"https:\/\/linitiative.ca\/International\/wp-json\/wp\/v2\/types\/post"}],"author":[{"embeddable":true,"href":"https:\/\/linitiative.ca\/International\/wp-json\/wp\/v2\/users\/1965"}],"replies":[{"embeddable":true,"href":"https:\/\/linitiative.ca\/International\/wp-json\/wp\/v2\/comments?post=81676"}],"version-history":[{"count":0,"href":"https:\/\/linitiative.ca\/International\/wp-json\/wp\/v2\/posts\/81676\/revisions"}],"wp:attachment":[{"href":"https:\/\/linitiative.ca\/International\/wp-json\/wp\/v2\/media?parent=81676"}],"wp:term":[{"taxonomy":"category","embeddable":true,"href":"https:\/\/linitiative.ca\/International\/wp-json\/wp\/v2\/categories?post=81676"},{"taxonomy":"post_tag","embeddable":true,"href":"https:\/\/linitiative.ca\/International\/wp-json\/wp\/v2\/tags?post=81676"}],"curies":[{"name":"wp","href":"https:\/\/api.w.org\/{rel}","templated":true}]}}