{"id":81682,"date":"2020-04-08T14:37:34","date_gmt":"2020-04-08T18:37:34","guid":{"rendered":"https:\/\/linitiative.ca\/International\/coronavirus-les-clients-re-autorises-a-consommer-sur-place-dans-les-debits-de-boissons\/"},"modified":"2020-04-08T14:37:34","modified_gmt":"2020-04-08T18:37:34","slug":"coronavirus-les-clients-re-autorises-a-consommer-sur-place-dans-les-debits-de-boissons","status":"publish","type":"post","link":"https:\/\/linitiative.ca\/International\/coronavirus-les-clients-re-autorises-a-consommer-sur-place-dans-les-debits-de-boissons\/","title":{"rendered":"Coronavirus : les clients r\u00e9-autoris\u00e9s \u00e0 consommer sur place dans les d\u00e9bits de boissons"},"content":{"rendered":"<p>La mesure de Samuel Ivaha Diboua a fait long feu. Le gouverneur de la r\u00e9gion du Littoral a sign\u00e9, le 2 avril 2020, un arr\u00eat\u00e9 \u00ab interdisant la consommation sur place des boissons alcooliques, hygi\u00e9niques et traditionnelles, et des vins \u00bb dans la r\u00e9gion du Littoral. Mesure prise dans le cadre de la lutte contre la propagation du Covid-19 \u00e0 l\u2019intention des d\u00e9bits de boissons, stations-services, \u00e9tablissements commerciaux et autres lieux am\u00e9nag\u00e9s \u00e0 cet effet, indique clairement le communiqu\u00e9.<\/p>\n<p>Les op\u00e9rateurs de ce secteur ont tout de suite r\u00e9agi \u00e0 cette autre mesure restrictive : \u00ab nous souffrons d\u00e9j\u00e0 assez de la fermeture des bars, snacks et d\u00e9bits de boisson \u00e0 18 h, le gouverneur de la r\u00e9gion du Littoral aggrave notre situation de pr\u00e9carit\u00e9 \u00bb, s\u2019\u00e9tait exprim\u00e9 Herv\u00e9 Nana, pr\u00e9sident du Syndicat national des d\u00e9bits de boissons.<\/p>\n<p>Par message-port\u00e9 du 6 avril 2020, Benjamin Mboutou, pr\u00e9fet du Wouri, contre toute attente, a transmis aux sous-pr\u00e9fets, au maire de la ville Douala, et aux forces du maintien de l\u2019ordre, une d\u00e9cision rapportant l\u2019arr\u00eat\u00e9 r\u00e9gional, sur instructions de Samuel Ivaha Diboua. La r\u00e9gion du Littoral pr\u00e9f\u00e8re mettre l\u2019accent sur les mesures prescrites le 17 mars 2020 par le Premier ministre.<\/p>\n<p>Dans le m\u00eame message port\u00e9, le pr\u00e9fet du Wouri opte pour \u00ab la sensibilisation et la p\u00e9dagogie \u00bb. Joint apr\u00e8s le r\u00e9trop\u00e9dalage du gouverneur Herv\u00e9 Nana dit \u00ab \u00eatre soulag\u00e9 \u00bb. La mesure restrictive de consommation in situ n\u2019\u00e9tait en r\u00e9alit\u00e9 pas respect\u00e9e. Les tenanciers des d\u00e9bits de boissons des quartiers D\u00e9ido, Akwa, New-Bell, Ngangue, Beedi, Ndogbong, Bali ignoraient syst\u00e9matiquement l\u2019Arr\u00eat\u00e9 r\u00e9gional de Samuel Ivaha Diboua. Certains par \u00ab manque d\u2019information \u00bb, \u00e0 l\u2019instar de Diane Dopleu, tenanci\u00e8re de bar au quartier Bali, d\u2019autres par \u00abrefus volontaire d\u2019obtemp\u00e9rer\u00bb, exemple de Fernand Fagna, propri\u00e9taire de bar au quartier Bonantone, Douala 1er.<\/p>\n<p>C\u2019est donc dans l\u2019indiff\u00e9rence totale que les deux mesures ont \u00e9t\u00e9 accueillies dans la capitale \u00e9conomique o\u00f9 les points de vente de\u00a0boissons alcooliques, hygi\u00e9niques et traditionnelles, et de vins ont continu\u00e9 \u00e0 exercer sereinement leurs activit\u00e9s commerciales.<\/p>\n<div class=\"awac-wrapper awac widget posts-list-widget-13\">\n<h4 class=\"widget-title\">Recent Posts<\/h4>\n<\/div>\n<p>Auteur: EcoMatin<br \/>\n<a href=\"https:\/\/ecomatin.net\/coronavirus-les-clients-re-autorises-a-consommer-sur-place-dans-les-debits-de-boissons\/\">Cliquez ici pour lire l&rsquo;article depuis sa source.<\/a><\/p>\n","protected":false},"excerpt":{"rendered":"<p>La mesure de Samuel Ivaha Diboua a fait long feu. Le gouverneur de la r\u00e9gion du Littoral a sign\u00e9, le 2 avril 2020, un arr\u00eat\u00e9 \u00ab interdisant la consommation sur place des boissons alcooliques, hygi\u00e9niques et traditionnelles, et des vins \u00bb dans la r\u00e9gion du Littoral. Mesure prise dans le cadre de la lutte contre [&hellip;]<\/p>\n","protected":false},"author":1969,"featured_media":0,"comment_status":"closed","ping_status":"closed","sticky":false,"template":"","format":"standard","meta":{"fifu_image_url":"","fifu_image_alt":"","footnotes":""},"categories":[82,78],"tags":[],"class_list":["post-81682","post","type-post","status-publish","format-standard","hentry","category-cameroun","category-economie"],"_links":{"self":[{"href":"https:\/\/linitiative.ca\/International\/wp-json\/wp\/v2\/posts\/81682","targetHints":{"allow":["GET"]}}],"collection":[{"href":"https:\/\/linitiative.ca\/International\/wp-json\/wp\/v2\/posts"}],"about":[{"href":"https:\/\/linitiative.ca\/International\/wp-json\/wp\/v2\/types\/post"}],"author":[{"embeddable":true,"href":"https:\/\/linitiative.ca\/International\/wp-json\/wp\/v2\/users\/1969"}],"replies":[{"embeddable":true,"href":"https:\/\/linitiative.ca\/International\/wp-json\/wp\/v2\/comments?post=81682"}],"version-history":[{"count":0,"href":"https:\/\/linitiative.ca\/International\/wp-json\/wp\/v2\/posts\/81682\/revisions"}],"wp:attachment":[{"href":"https:\/\/linitiative.ca\/International\/wp-json\/wp\/v2\/media?parent=81682"}],"wp:term":[{"taxonomy":"category","embeddable":true,"href":"https:\/\/linitiative.ca\/International\/wp-json\/wp\/v2\/categories?post=81682"},{"taxonomy":"post_tag","embeddable":true,"href":"https:\/\/linitiative.ca\/International\/wp-json\/wp\/v2\/tags?post=81682"}],"curies":[{"name":"wp","href":"https:\/\/api.w.org\/{rel}","templated":true}]}}