{"id":81683,"date":"2020-04-09T10:20:13","date_gmt":"2020-04-09T14:20:13","guid":{"rendered":"https:\/\/linitiative.ca\/International\/violence-a-legard-des-enfants-au-maroc-vers-une-strategie-de-plaidoyer-juridique-et-politique\/"},"modified":"2020-04-09T10:20:13","modified_gmt":"2020-04-09T14:20:13","slug":"violence-a-legard-des-enfants-au-maroc-vers-une-strategie-de-plaidoyer-juridique-et-politique","status":"publish","type":"post","link":"https:\/\/linitiative.ca\/International\/violence-a-legard-des-enfants-au-maroc-vers-une-strategie-de-plaidoyer-juridique-et-politique\/","title":{"rendered":"Violence \u00e0 l\u2019\u00e9gard des enfants au Maroc : Vers une strat\u00e9gie de plaidoyer juridique et politique"},"content":{"rendered":"<p><img decoding=\"async\" class=\"post_layout_5_img\" src=\"http:\/\/aujourdhui.ma\/wp-content\/uploads\/2020\/04\/Child-Abuse-Violence-\u00e0-l\u2019\u00e9gard-des-enfants.jpg?x29840\" alt=\"Violence &#xE0; l&#x2019;&#xE9;gard des enfants au Maroc : Vers une strat&#xE9;gie de plaidoyer juridique et politique\"\/><\/p>\n<p><span class=\"c4\"><strong>\u00abLa protection de l\u2019enfance contre les diff\u00e9rentes formes de violence souffre encore de certaines lacunes, qui impactent le bien-\u00eatre des enfants directement ou indirectement\u00bb.<\/strong><\/span><br \/><span id=\"more-340726\"\/><\/p>\n<div class=\"base-box mom_box_sc_custom mom_box_sc clear c5\" readability=\"13\">\n<p><strong>Le ph\u00e9nom\u00e8ne de la violence \u00e0 l\u2019encontre des enfants s\u2019amplifie d\u2019une mani\u00e8re inqui\u00e9tante aussi bien \u00e0 l\u2019\u00e9chelle nationale qu\u2019internationale. Apr\u00e8s plusieurs \u00e9tudes, la situation est jug\u00e9e critique et alarmante. D\u2019o\u00f9 la n\u00e9cessit\u00e9 de la mise en place d\u2019une strat\u00e9gie pour lutter contre ce fl\u00e9au. C\u2019est dans ce sens qu\u2019un appel d\u2019offres a \u00e9t\u00e9 lanc\u00e9 par les deux Associations Amane et Aida, inscrit dans le cadre du projet RESIJE financ\u00e9 par l\u2019AECID, pour la r\u00e9alisation d\u2019une strat\u00e9gie de plaidoyer juridique et politique pour l\u2019\u00e9radication des violences \u00e0 l\u2019\u00e9gard des filles et des enfants au Maroc.<\/strong><\/p>\n<\/div>\n<p>\u00abLa violence \u00e0 l\u2019encontre des enfants constitue une atteinte manifeste aux droits de l\u2019enfant, portant pr\u00e9judice \u00e0 son int\u00e9grit\u00e9 et occasionnant des r\u00e9percussions sur sa sant\u00e9 physique et psychologique. Il s\u2019agit d\u2019un ph\u00e9nom\u00e8ne mondial en constante \u00e9volution au gr\u00e9 des progr\u00e8s des TIC et d\u2019une plus grande mobilit\u00e9 des populations (migration, tourisme, voyages, etc.). Pour garantir la protection des enfants contre les violences, la Convention relative aux droits de l\u2019enfant \u00e0 travers ses articles 19 et 34 oblige les Etats membres \u00e0 prendre toutes les mesures n\u00e9cessaires pour prot\u00e9ger les enfants contre toute forme de violence\u00bb, indiquent \u00e0 ce sujet les initiateurs de ce projet.<\/p>\n<p>Il faut dire que cette consultation s\u2019inscrit dans le cadre des r\u00e9sultats du projet \u00abREDIP : Renforcement de la r\u00e9ponse du dispositif de protection int\u00e9gr\u00e9e de la violence sexuelle dans les villes de F\u00e8s et Mekn\u00e8s\u00bb. Elle a pour objectif d\u2019une part l\u2019am\u00e9lioration du code de proc\u00e9dure p\u00e9nale dans ses articles en relation avec les violences faites aux enfants et d\u2019autre part l\u2019identification des lacunes dans la l\u00e9gislation en relation avec la protection des enfants.<\/p>\n<p>\u00abConcernant les politiques publiques, apr\u00e8s le Plan d\u2019action national de l\u2019enfance 2006-2015, les efforts du Maroc sont d\u00e9ploy\u00e9s pour mettre en place la Politique publique int\u00e9gr\u00e9e de la protection de l\u2019enfance au Maroc (PPIPEM) et son programme d\u2019ex\u00e9cution 2015-2020. Aussi, \u00e0 travers le plan gouvernemental ICRAM 2 (2017-2021) et les multiples plans et programmes sectoriels, le Maroc a montr\u00e9 sa volont\u00e9 pour la promotion de l\u2019\u00e9galit\u00e9\u00bb, soulignent les initiateurs, en notant que \u00abmalgr\u00e9 tous ces efforts, la protection de l\u2019enfance contre les diff\u00e9rentes formes de violence souffre encore de certaines lacunes, qui impactent le bien-\u00eatre des enfants directement ou indirectement\u00bb.<\/p>\n<p>Notons qu\u2019en mati\u00e8re juridique, l\u2019\u00e9tude comparative entre la l\u00e9gislation nationale et internationale en relation avec les violences sexuelles \u00e0 l\u2019encontre des enfants r\u00e9alis\u00e9s par Amane et Aida dans le cadre du m\u00eame projet a soulev\u00e9 les d\u00e9faillances et les vides de la l\u00e9gislation p\u00e9nale en mati\u00e8re d\u2019encadrement juridique de la probl\u00e9matique des violences sexuelles \u00e0 l\u2019encontre des enfants. D\u2019ailleurs, l\u2019\u00e9tude a recommand\u00e9 la n\u00e9cessit\u00e9 d\u2019une profonde modification de la l\u00e9gislation p\u00e9nale, notamment le code de la proc\u00e9dure civile. De m\u00eame, elle a pr\u00e9conis\u00e9 le d\u00e9clenchement imm\u00e9diat de la proc\u00e9dure p\u00e9nale par le minist\u00e8re public ou la police judiciaire d\u00e8s le signalement de la violence par quelques moyens que ce soit et la pr\u00e9vision du d\u00e9placement des experts vers l\u2019enfant victime sans que ce dernier n\u2019ait d\u00e9pos\u00e9 plainte. \u00abL\u2019\u00e9tude a appuy\u00e9 la mise en place des dispositifs d\u2019enregistrement de plainte de l\u2019enfant victime\/survivant de violence afin de garder son t\u00e9moignage intact, l\u2019adaptation des proc\u00e9dures d\u2019enqu\u00eates et de poursuite adapt\u00e9es aux besoins des enfants et enfin l\u2019enregistrement et la conservation de donn\u00e9es sur les d\u00e9linquants sexuels condamn\u00e9s\u00bb.<\/p>\n<p>Suite \u00e0 un premier travail de plaidoyer men\u00e9 par les deux associations Amane et Aida en collaboration avec le groupe de travail de lutte contre les violences sexuelles dans le cadre du projet RESIJE financ\u00e9 par l\u2019AECID sur la r\u00e9forme du code p\u00e9nal, ces deux partenaires poursuivent leur combat pour am\u00e9liorer la protection des enfants et voient l\u2019urgence de trouver la solution la plus efficace pour \u00e9radiquer les violences \u00e0 l\u2019encontre des filles\/enfants et toutes les pratiques discriminatoires.<\/p>\n<p>Auteur: Siham Jadraoui<br \/>\n<a href=\"http:\/\/aujourdhui.ma\/societe\/violence-a-legard-des-enfants-au-maroc-vers-une-strategie-de-plaidoyer-juridique-et-politique\">Cliquez ici pour lire l&rsquo;article depuis sa source.<\/a><\/p>\n","protected":false},"excerpt":{"rendered":"<p>\u00abLa protection de l\u2019enfance contre les diff\u00e9rentes formes de violence souffre encore de certaines lacunes, qui impactent le bien-\u00eatre des enfants directement ou indirectement\u00bb. Le ph\u00e9nom\u00e8ne de la violence \u00e0 l\u2019encontre des enfants s\u2019amplifie d\u2019une mani\u00e8re inqui\u00e9tante aussi bien \u00e0 l\u2019\u00e9chelle nationale qu\u2019internationale. Apr\u00e8s plusieurs \u00e9tudes, la situation est jug\u00e9e critique et alarmante. D\u2019o\u00f9 la [&hellip;]<\/p>\n","protected":false},"author":1759,"featured_media":0,"comment_status":"closed","ping_status":"closed","sticky":false,"template":"","format":"standard","meta":{"fifu_image_url":"","fifu_image_alt":"","footnotes":""},"categories":[73,54],"tags":[],"class_list":["post-81683","post","type-post","status-publish","format-standard","hentry","category-actualite","category-maroc"],"_links":{"self":[{"href":"https:\/\/linitiative.ca\/International\/wp-json\/wp\/v2\/posts\/81683","targetHints":{"allow":["GET"]}}],"collection":[{"href":"https:\/\/linitiative.ca\/International\/wp-json\/wp\/v2\/posts"}],"about":[{"href":"https:\/\/linitiative.ca\/International\/wp-json\/wp\/v2\/types\/post"}],"author":[{"embeddable":true,"href":"https:\/\/linitiative.ca\/International\/wp-json\/wp\/v2\/users\/1759"}],"replies":[{"embeddable":true,"href":"https:\/\/linitiative.ca\/International\/wp-json\/wp\/v2\/comments?post=81683"}],"version-history":[{"count":0,"href":"https:\/\/linitiative.ca\/International\/wp-json\/wp\/v2\/posts\/81683\/revisions"}],"wp:attachment":[{"href":"https:\/\/linitiative.ca\/International\/wp-json\/wp\/v2\/media?parent=81683"}],"wp:term":[{"taxonomy":"category","embeddable":true,"href":"https:\/\/linitiative.ca\/International\/wp-json\/wp\/v2\/categories?post=81683"},{"taxonomy":"post_tag","embeddable":true,"href":"https:\/\/linitiative.ca\/International\/wp-json\/wp\/v2\/tags?post=81683"}],"curies":[{"name":"wp","href":"https:\/\/api.w.org\/{rel}","templated":true}]}}