{"id":81684,"date":"2020-04-09T10:56:40","date_gmt":"2020-04-09T14:56:40","guid":{"rendered":"https:\/\/linitiative.ca\/International\/fonds-covid-19-un-don-de-100-000-dh-par-le-secteur-de-la-reforme-de-ladministration\/"},"modified":"2020-04-09T10:56:40","modified_gmt":"2020-04-09T14:56:40","slug":"fonds-covid-19-un-don-de-100-000-dh-par-le-secteur-de-la-reforme-de-ladministration","status":"publish","type":"post","link":"https:\/\/linitiative.ca\/International\/fonds-covid-19-un-don-de-100-000-dh-par-le-secteur-de-la-reforme-de-ladministration\/","title":{"rendered":"Fonds Covid-19 : Un don de 100.000 DH par le secteur de la r\u00e9forme de l\u2019administration"},"content":{"rendered":"<header>\n<\/header>\n<div class=\"entry-content clearfix\" readability=\"44\"><img decoding=\"async\" class=\"post_layout_5_img\" src=\"http:\/\/aujourdhui.ma\/wp-content\/uploads\/2017\/12\/Administration-publique.jpg?x29840\" alt=\"Fonds Covid-19 : Un don de 100.000 DH par le secteur de la r&#xE9;forme de l&#x2019;administration\"\/><\/p>\n<p><span class=\"c4\"><strong>Le secteur de la r\u00e9forme de l\u2019administration contribue \u00e0 son tour au Fonds Covid-19 initi\u00e9 par le Souverain.<\/strong><\/span> <span id=\"more-340765\"\/><\/p>\n<p>Ainsi, l\u2019association des \u0153uvres sociales de ce secteur a d\u00e9cid\u00e9 d\u2019y contribuer, au nom de tous ses fonctionnaires, \u00ab\u00e0 hauteur de 100.000 DH\u00bb.<\/p>\n<p>\u00abCette initiative est spontan\u00e9e et symbolique\u00bb, pr\u00e9cisent les fonctionnaires. Ces derniers confirment \u00e9galement leur adh\u00e9sion \u00absinc\u00e8re \u00e0 l\u2019ensemble des initiatives nationale et leur mobilisation continue afin de surmonter cette conjoncture difficile\u00bb.<\/p>\n<\/div>\n<p>Auteur: ALM<br \/>\n<a href=\"http:\/\/aujourdhui.ma\/economie\/fonds-covid-19-un-don-de-100-000-dh-par-le-secteur-de-la-reforme-de-ladministration\">Cliquez ici pour lire l&rsquo;article depuis sa source.<\/a><\/p>\n","protected":false},"excerpt":{"rendered":"<p>Le secteur de la r\u00e9forme de l\u2019administration contribue \u00e0 son tour au Fonds Covid-19 initi\u00e9 par le Souverain. Ainsi, l\u2019association des \u0153uvres sociales de ce secteur a d\u00e9cid\u00e9 d\u2019y contribuer, au nom de tous ses fonctionnaires, \u00ab\u00e0 hauteur de 100.000 DH\u00bb. \u00abCette initiative est spontan\u00e9e et symbolique\u00bb, pr\u00e9cisent les fonctionnaires. Ces derniers confirment \u00e9galement leur [&hellip;]<\/p>\n","protected":false},"author":1759,"featured_media":0,"comment_status":"closed","ping_status":"closed","sticky":false,"template":"","format":"standard","meta":{"fifu_image_url":"","fifu_image_alt":"","footnotes":""},"categories":[73,54],"tags":[],"class_list":["post-81684","post","type-post","status-publish","format-standard","hentry","category-actualite","category-maroc"],"_links":{"self":[{"href":"https:\/\/linitiative.ca\/International\/wp-json\/wp\/v2\/posts\/81684","targetHints":{"allow":["GET"]}}],"collection":[{"href":"https:\/\/linitiative.ca\/International\/wp-json\/wp\/v2\/posts"}],"about":[{"href":"https:\/\/linitiative.ca\/International\/wp-json\/wp\/v2\/types\/post"}],"author":[{"embeddable":true,"href":"https:\/\/linitiative.ca\/International\/wp-json\/wp\/v2\/users\/1759"}],"replies":[{"embeddable":true,"href":"https:\/\/linitiative.ca\/International\/wp-json\/wp\/v2\/comments?post=81684"}],"version-history":[{"count":0,"href":"https:\/\/linitiative.ca\/International\/wp-json\/wp\/v2\/posts\/81684\/revisions"}],"wp:attachment":[{"href":"https:\/\/linitiative.ca\/International\/wp-json\/wp\/v2\/media?parent=81684"}],"wp:term":[{"taxonomy":"category","embeddable":true,"href":"https:\/\/linitiative.ca\/International\/wp-json\/wp\/v2\/categories?post=81684"},{"taxonomy":"post_tag","embeddable":true,"href":"https:\/\/linitiative.ca\/International\/wp-json\/wp\/v2\/tags?post=81684"}],"curies":[{"name":"wp","href":"https:\/\/api.w.org\/{rel}","templated":true}]}}