{"id":81685,"date":"2020-04-09T11:13:56","date_gmt":"2020-04-09T15:13:56","guid":{"rendered":"https:\/\/linitiative.ca\/International\/coronavirus-1-346-cas-de-contaminations-linquietude-grandit\/"},"modified":"2020-04-09T11:13:56","modified_gmt":"2020-04-09T15:13:56","slug":"coronavirus-1-346-cas-de-contaminations-linquietude-grandit","status":"publish","type":"post","link":"https:\/\/linitiative.ca\/International\/coronavirus-1-346-cas-de-contaminations-linquietude-grandit\/","title":{"rendered":"Coronavirus : 1.346 cas de contaminations, l\u2019inqui\u00e9tude grandit"},"content":{"rendered":"<p><img decoding=\"async\" class=\"post_layout_5_img\" src=\"http:\/\/aujourdhui.ma\/wp-content\/uploads\/2020\/04\/Coronavirus-covid-19-09042020-Mohamed-El-Youbi.jpg?x29840\" alt=\"Coronavirus : 1.346 cas de contaminations, l&#x2019;inqui&#xE9;tude grandit\"\/><\/p>\n<p><span class=\"c5\"><strong><span class=\"c4\">10 millions DH consacr\u00e9s<\/span> \u00e0 un programme de recherche scientifique sur le Covid-19<\/strong><\/span> <span id=\"more-340784\"\/><\/p>\n<div class=\"base-box mom_box_sc_custom mom_box_sc clear c6\" readability=\"10\">\n<p><strong>La plupart des cas enregistr\u00e9s ces derniers jours ont \u00e9t\u00e9 d\u00e9tect\u00e9s gr\u00e2ce au suivi m\u00e9dical des personnes contacts. Sur un total de 8.600 personnes contacts, 445 contaminations ont \u00e9t\u00e9 confirm\u00e9es.<\/strong><\/p>\n<\/div>\n<p>Les cas de contaminations augmentent jour apr\u00e8s jour. Le minist\u00e8re de la sant\u00e9 a annonc\u00e9 ce jeudi 9 avril \u00e0 10 h un nouveau bilan faisant \u00e9tat de l\u2019apparition de 71 nouveaux cas de Covid-19 depuis le mercredi \u00e0 18h, portant \u00e0 1.346 le nombre de cas cumul\u00e9s. Le nombre de personnes d\u00e9clar\u00e9es gu\u00e9ries s\u2019est \u00e9lev\u00e9 \u00e0 103, avec 6 r\u00e9missions suppl\u00e9mentaires alors que celui des d\u00e9c\u00e8s a atteint 96, apr\u00e8s l\u2019enregistrement de trois nouveaux d\u00e9c\u00e8s. Un total de 4.770 cas suspects ont \u00e9t\u00e9 exclus apr\u00e8s des r\u00e9sultats d\u2019analyses effectu\u00e9es au laboratoire qui se sont r\u00e9v\u00e9l\u00e9s n\u00e9gatifs.<\/p>\n<p>La r\u00e9gion de Casablanca-Settat qui compte toujours le plus grand nombre de cas est en passe d\u2019atteindre les 400 cas. Viennent ensuite les r\u00e9gions de Marrakech-Safi, Rabat-Sal\u00e9-K\u00e9nitra, F\u00e8s-Mekn\u00e8s. Les 1.346 cas test\u00e9s positifs ont \u00e9t\u00e9 recens\u00e9s dans les r\u00e9gions de Casa-Settat (397), Marrakech-Safi (256), Rabat-Sal\u00e9-Kenitra (207), F\u00e8s-Mekn\u00e8s (165), Tanger-T\u00e9touan Al Hoceima (111), l\u2019Oriental (76), Daraa-Tafilalet (67), Beni Mellal-Kh\u00e9nifra (40), Souss-Massa (20), La\u00e2youne-Sakia El Hamra (4), Dakhla-Oued Dahhab ( 2) et Guelmim-Oued Noun (1). Le directeur de l\u2019\u00e9pid\u00e9miologie et de lutte contre les maladies au minist\u00e8re de la sant\u00e9, Mohamed El Youbi, avait annonc\u00e9 lors du point sur la situation \u00e9pid\u00e9miologique du coronavirus au Maroc que la plupart des cas enregistr\u00e9s ces derniers jours ont \u00e9t\u00e9 d\u00e9tect\u00e9s gr\u00e2ce au suivi m\u00e9dical des personnes contacts. Sur un total de 8.600 personnes contacts, 445 contaminations ont \u00e9t\u00e9 confirm\u00e9es.<\/p>\n<p><strong>Covid-19 : Les d\u00e9tails du programme de recherche scientifique<\/strong><\/p>\n<p>Le d\u00e9partement de l\u2019enseignement sup\u00e9rieur et de la recherche scientifique et le Centre national pour la recherche scientifique et technique (CNRST) ont mis en place un programme de soutien \u00e0 la recherche scientifique et technologique dans les domaines en relation avec la pand\u00e9mie du Covid-19. Ce programme qui est dot\u00e9 d\u2019une enveloppe budg\u00e9taire de 10 millions DH vise \u00e0 mobiliser les acteurs de la communaut\u00e9 scientifique marocaine autour de projets de recherche relatifs \u00e0 cette pand\u00e9mie. Le financement de projets de recherche dans des domaines en relation avec cette pand\u00e9mie vise \u00e0 constituer un \u00e9cosyst\u00e8me de recherche multidisciplinaire, capable d\u2019initier et de d\u00e9velopper, sur la base de ses r\u00e9sultats d\u2019\u00e9tudes et de recherche, des solutions \u00e0 m\u00eame de contribuer \u00e0 la gestion des crises pand\u00e9miques. Celui-ci a pour objectifs sp\u00e9cifiques d\u2019apporter des \u00e9l\u00e9ments de r\u00e9ponses aux questions suivantes : comment analyser et comprendre la p\u00e9n\u00e9tration et de la propagation de l\u2019\u00e9pid\u00e9mie du coronavirus au Maroc.<\/p>\n<p>Quelles recommandations scientifiques pour g\u00e9rer la p\u00e9riode de transition et permettre un retour au plus t\u00f4t \u00e0 la situation normale dans notre pays ? Quelles le\u00e7ons tirer de cette pand\u00e9mie et quelles mesures pr\u00e9ventives mettre en place pour l\u2019avenir ? Il s\u2019agit l\u00e0 des trois grandes th\u00e9matiques concern\u00e9es par ce programme. Il est \u00e0 signaler que pour la premi\u00e8re th\u00e9matique, les projets de recherche doivent \u00eatre r\u00e9alis\u00e9s dans un d\u00e9lai d\u2019une ann\u00e9e, 6 mois pour la deuxi\u00e8me et 6 mois pour la troisi\u00e8me. Toutes les d\u00e9penses de ce programme se feront dans le cadre de la d\u00e9cision conjointe relative \u00e0 la gestion des ressources propres, sign\u00e9e le 16 janvier 2016 entre le minist\u00e8re de l\u2019\u00e9conomie et des finances et de la r\u00e9forme administrative et le minist\u00e8re de l\u2019\u00e9ducation nationale, de la formation professionnelle, de l\u2019enseignement sup\u00e9rieur et de la recherche scientifique. Elles feront \u00e9galement l\u2019objet d\u2019un Programme d\u2019emploi (PE) qui sera \u00e9tabli, valid\u00e9 et sign\u00e9 par le p\u00f4le concern\u00e9 et le CNRST.<br \/>Les modalit\u00e9s de financement et d\u2019ex\u00e9cution des projets retenus feront l\u2019objet d\u2019un contrat entre le CNRST et les universit\u00e9s constituant le p\u00f4le porteur de projet. Le versement de la subvention se d\u00e9roulera en deux tranches : la 1\u00e8re tranche \u00e0 la signature du contrat (50%) et la 2\u00e8me apr\u00e8s l\u2019\u00e9valuation positive du rapport scientifique et financier fourni \u00e0 mi-parcours (50%).<\/p>\n<div class=\"base-box mom_box_sc_custom mom_box_sc clear c8\" readability=\"23\">\n<p><span class=\"c7\"><strong>Les masques obligatoires dans les unit\u00e9s industrielles<\/strong><\/span><\/p>\n<p><a href=\"http:\/\/aujourdhui.ma\/wp-content\/uploads\/2020\/04\/Masques-de-protection.jpg?x29840\"><img loading=\"lazy\" decoding=\"async\" class=\"wp-image-340787 alignleft\" src=\"http:\/\/aujourdhui.ma\/wp-content\/uploads\/2020\/04\/Masques-de-protection.jpg?x29840\" alt=\"\" width=\"436\" height=\"222\" srcset=\"http:\/\/aujourdhui.ma\/wp-content\/uploads\/2020\/04\/Masques-de-protection.jpg 746w, http:\/\/aujourdhui.ma\/wp-content\/uploads\/2020\/04\/Masques-de-protection-300x153.jpg 300w\" sizes=\"auto, (max-width: 436px) 100vw, 436px\"\/><\/a>Les chefs et les gestionnaires des entreprises et des unit\u00e9s industrielles et de production sont tenus de mettre \u00e0 la disposition de leurs employ\u00e9s les masques de protection. Ils doivent \u00e9galement veiller \u00e0 ce que leurs employ\u00e9s soient remplac\u00e9s toutes les quatre heures, et ce afin de pr\u00e9server leur s\u00e9curit\u00e9 et leur sant\u00e9.<\/p>\n<p>C\u2019est ce qu\u2019annonce un communiqu\u00e9 conjoint du minist\u00e8re de l\u2019industrie et du minist\u00e8re de la sant\u00e9.<br \/>Les chefs d\u2019entreprise doivent \u00e9galement veiller au respect des consignes et mesures pr\u00e9conis\u00e9es par le minist\u00e8re de la sant\u00e9, notamment : assurer la propret\u00e9 des espaces et des outils de travail et une a\u00e9ration suffisante des lieux de travail ; sensibiliser les employ\u00e9s aux mesures de pr\u00e9vention du Covid-19.<\/p>\n<p>Ils sont aussi tenus d\u2019assurer la disponibilit\u00e9 des produits de d\u00e9sinfection et de nettoyage ; veiller au respect de la distance de s\u00e9curit\u00e9 entre les employ\u00e9s et s\u2019engager \u00e0 prendre les mesures de pr\u00e9vention pr\u00e9vues par les autorit\u00e9s sanitaires.<\/p>\n<\/div>\n<p>Auteur: Laila Zerrour<br \/>\n<a href=\"http:\/\/aujourdhui.ma\/societe\/coronavirus-1-346-cas-de-contaminations-linquietude-grandit\">Cliquez ici pour lire l&rsquo;article depuis sa source.<\/a><\/p>\n","protected":false},"excerpt":{"rendered":"<p>10 millions DH consacr\u00e9s \u00e0 un programme de recherche scientifique sur le Covid-19 La plupart des cas enregistr\u00e9s ces derniers jours ont \u00e9t\u00e9 d\u00e9tect\u00e9s gr\u00e2ce au suivi m\u00e9dical des personnes contacts. Sur un total de 8.600 personnes contacts, 445 contaminations ont \u00e9t\u00e9 confirm\u00e9es. Les cas de contaminations augmentent jour apr\u00e8s jour. Le minist\u00e8re de la [&hellip;]<\/p>\n","protected":false},"author":1759,"featured_media":0,"comment_status":"closed","ping_status":"closed","sticky":false,"template":"","format":"standard","meta":{"fifu_image_url":"","fifu_image_alt":"","footnotes":""},"categories":[73,54],"tags":[],"class_list":["post-81685","post","type-post","status-publish","format-standard","hentry","category-actualite","category-maroc"],"_links":{"self":[{"href":"https:\/\/linitiative.ca\/International\/wp-json\/wp\/v2\/posts\/81685","targetHints":{"allow":["GET"]}}],"collection":[{"href":"https:\/\/linitiative.ca\/International\/wp-json\/wp\/v2\/posts"}],"about":[{"href":"https:\/\/linitiative.ca\/International\/wp-json\/wp\/v2\/types\/post"}],"author":[{"embeddable":true,"href":"https:\/\/linitiative.ca\/International\/wp-json\/wp\/v2\/users\/1759"}],"replies":[{"embeddable":true,"href":"https:\/\/linitiative.ca\/International\/wp-json\/wp\/v2\/comments?post=81685"}],"version-history":[{"count":0,"href":"https:\/\/linitiative.ca\/International\/wp-json\/wp\/v2\/posts\/81685\/revisions"}],"wp:attachment":[{"href":"https:\/\/linitiative.ca\/International\/wp-json\/wp\/v2\/media?parent=81685"}],"wp:term":[{"taxonomy":"category","embeddable":true,"href":"https:\/\/linitiative.ca\/International\/wp-json\/wp\/v2\/categories?post=81685"},{"taxonomy":"post_tag","embeddable":true,"href":"https:\/\/linitiative.ca\/International\/wp-json\/wp\/v2\/tags?post=81685"}],"curies":[{"name":"wp","href":"https:\/\/api.w.org\/{rel}","templated":true}]}}