{"id":81686,"date":"2020-04-09T11:31:01","date_gmt":"2020-04-09T15:31:01","guid":{"rendered":"https:\/\/linitiative.ca\/International\/un-dementi-categorique-de-son-ambassade-a-rabat-lespagne-na-pas-requisitionne-des-medicaments-exportes-vers-le-maroc\/"},"modified":"2020-04-09T11:31:01","modified_gmt":"2020-04-09T15:31:01","slug":"un-dementi-categorique-de-son-ambassade-a-rabat-lespagne-na-pas-requisitionne-des-medicaments-exportes-vers-le-maroc","status":"publish","type":"post","link":"https:\/\/linitiative.ca\/International\/un-dementi-categorique-de-son-ambassade-a-rabat-lespagne-na-pas-requisitionne-des-medicaments-exportes-vers-le-maroc\/","title":{"rendered":"Un d\u00e9menti cat\u00e9gorique de son ambassade \u00e0 Rabat : L\u2019Espagne n\u2019a pas r\u00e9quisitionn\u00e9 des m\u00e9dicaments export\u00e9s vers le Maroc"},"content":{"rendered":"<header>\n<\/header>\n<div class=\"entry-content clearfix\" readability=\"57\"><img decoding=\"async\" class=\"post_layout_5_img\" src=\"http:\/\/aujourdhui.ma\/wp-content\/uploads\/2020\/04\/Ambassade-d\u2019Espagne-\u00e0-Rabat.jpg?x29840\" alt=\"Un d&#xE9;menti cat&#xE9;gorique de son ambassade &#xE0; Rabat : L&#x2019;Espagne n&#x2019;a pas r&#xE9;quisitionn&#xE9; des m&#xE9;dicaments export&#xE9;s vers le Maroc\"\/><\/p>\n<p><span class=\"c4\"><strong>L\u2019ambassade d\u2019Espagne \u00e0 Rabat a d\u00e9menti dans un communiqu\u00e9 rendu public ce jeudi une fausse information relay\u00e9e par certains m\u00e9dias selon laquelle les autorit\u00e9s espagnoles auraient r\u00e9quisitionn\u00e9 des m\u00e9dicaments export\u00e9s vers le Maroc.<\/strong><\/span><span id=\"more-340775\"\/><\/p>\n<p>D\u2019apr\u00e8s le m\u00eame document, \u00ab l\u2019information reprise par plusieurs m\u00e9dias marocains selon laquelle l\u2019Espagne aurait r\u00e9quisitionn\u00e9 des m\u00e9dicaments destin\u00e9s \u00e0 \u00eatre export\u00e9s vers le Maroc n\u2019est pas fond\u00e9e \u00bb.<\/p>\n<p>Selon la repr\u00e9sentation diplomatique espagnole au Maroc, \u00ab cette information fait r\u00e9f\u00e9rence \u00e0 trois lots sp\u00e9cifiques de m\u00e9dicaments destin\u00e9s au Maroc, qui ont tous \u00e9t\u00e9 autoris\u00e9s par l\u2019Agence espagnole des m\u00e9dicaments (AEMPS) pour \u00eatre export\u00e9s vers le Royaume \u00bb.<\/p>\n<p>La m\u00eame source ajoute \u00ab qu\u2019en Espagne, comme dans d\u2019autres pays, en cas de besoin accru de m\u00e9dicaments, l\u2019AEMPS peut examiner et retenir provisoirement les lots destin\u00e9s \u00e0 l\u2019exportation pour analyser s\u2019ils sont conformes aux exigences. Dans le cas concret du Royaume du Maroc, et comme pour les autres pays, la m\u00eame proc\u00e9dure a \u00e9t\u00e9 appliqu\u00e9e aux trois lots mentionn\u00e9s, suite \u00e0 la v\u00e9rification de la conformit\u00e9 des m\u00e9dicaments aux exigences en vigueur, tous les lots ont \u00e9t\u00e9 autoris\u00e9s \u00e0 l\u2019exportation vers le Maroc \u00bb.<\/p>\n<\/div>\n<p>Auteur: ALM<br \/>\n<a href=\"http:\/\/aujourdhui.ma\/actualite\/un-dementi-categorique-de-son-ambassade-a-rabat-lespagne-na-pas-requisitionne-des-medicaments-exportes-vers-le-maroc\">Cliquez ici pour lire l&rsquo;article depuis sa source.<\/a><\/p>\n","protected":false},"excerpt":{"rendered":"<p>L\u2019ambassade d\u2019Espagne \u00e0 Rabat a d\u00e9menti dans un communiqu\u00e9 rendu public ce jeudi une fausse information relay\u00e9e par certains m\u00e9dias selon laquelle les autorit\u00e9s espagnoles auraient r\u00e9quisitionn\u00e9 des m\u00e9dicaments export\u00e9s vers le Maroc. D\u2019apr\u00e8s le m\u00eame document, \u00ab l\u2019information reprise par plusieurs m\u00e9dias marocains selon laquelle l\u2019Espagne aurait r\u00e9quisitionn\u00e9 des m\u00e9dicaments destin\u00e9s \u00e0 \u00eatre export\u00e9s [&hellip;]<\/p>\n","protected":false},"author":1759,"featured_media":0,"comment_status":"closed","ping_status":"closed","sticky":false,"template":"","format":"standard","meta":{"fifu_image_url":"","fifu_image_alt":"","footnotes":""},"categories":[73,54],"tags":[],"class_list":["post-81686","post","type-post","status-publish","format-standard","hentry","category-actualite","category-maroc"],"_links":{"self":[{"href":"https:\/\/linitiative.ca\/International\/wp-json\/wp\/v2\/posts\/81686","targetHints":{"allow":["GET"]}}],"collection":[{"href":"https:\/\/linitiative.ca\/International\/wp-json\/wp\/v2\/posts"}],"about":[{"href":"https:\/\/linitiative.ca\/International\/wp-json\/wp\/v2\/types\/post"}],"author":[{"embeddable":true,"href":"https:\/\/linitiative.ca\/International\/wp-json\/wp\/v2\/users\/1759"}],"replies":[{"embeddable":true,"href":"https:\/\/linitiative.ca\/International\/wp-json\/wp\/v2\/comments?post=81686"}],"version-history":[{"count":0,"href":"https:\/\/linitiative.ca\/International\/wp-json\/wp\/v2\/posts\/81686\/revisions"}],"wp:attachment":[{"href":"https:\/\/linitiative.ca\/International\/wp-json\/wp\/v2\/media?parent=81686"}],"wp:term":[{"taxonomy":"category","embeddable":true,"href":"https:\/\/linitiative.ca\/International\/wp-json\/wp\/v2\/categories?post=81686"},{"taxonomy":"post_tag","embeddable":true,"href":"https:\/\/linitiative.ca\/International\/wp-json\/wp\/v2\/tags?post=81686"}],"curies":[{"name":"wp","href":"https:\/\/api.w.org\/{rel}","templated":true}]}}