{"id":81694,"date":"2020-04-09T06:47:40","date_gmt":"2020-04-09T10:47:40","guid":{"rendered":"https:\/\/linitiative.ca\/International\/confinement-general-durcissement-des-mesures-contre-les-infractions\/"},"modified":"2020-04-09T06:47:40","modified_gmt":"2020-04-09T10:47:40","slug":"confinement-general-durcissement-des-mesures-contre-les-infractions","status":"publish","type":"post","link":"https:\/\/linitiative.ca\/International\/confinement-general-durcissement-des-mesures-contre-les-infractions\/","title":{"rendered":"Confinement g\u00e9n\u00e9ral : Durcissement des mesures contre les infractions"},"content":{"rendered":"<p>Un conseil minist\u00e9riel restreint (CMR) tenu, mercredi, sous la pr\u00e9sidence du chef du gouvernement Ely\u00e8s Fakhfakh a d\u00e9cid\u00e9 de nouvelles mesures pour contrer la propagation de la pand\u00e9mie de coronavirus.<\/p>\n<p>Il s\u2019agit de :<\/p>\n<p>* Organiser l\u2019op\u00e9ration d\u2019attribution des permis de circulation<\/p>\n<p>* Infliger une amende aux citoyens qui ne respectent pas les dispositions du confinement<\/p>\n<p>* Interdire la circulation entre les gouvernorats et isoler les r\u00e9gions, d\u00e9clar\u00e9es par le minist\u00e8re de la Sant\u00e9, zones infect\u00e9es.<\/p>\n<p>* D\u00e9cr\u00e9ter, vendredi 10 avril 2020, jour de cong\u00e9 exceptionnel pour r\u00e9duire le trafic de la circulation, sauf cas de force majeur.<\/p>\n<p>* Cr\u00e9er une \u00e9quipe de travail au niveau du minist\u00e8re de l\u2019Industrie et des PME compos\u00e9e de repr\u00e9sentants des diff\u00e9rents d\u00e9partements minist\u00e9riels concern\u00e9s, et de la Douane pour fabriquer des bavettes, fixer leur prix et assurer leur \u00e9coulement sur le march\u00e9 national.<\/p>\n<p>A cette occasion, le chef du gouvernement a appel\u00e9 \u00e0 soutenir l\u2019effort national pour lutter contre le nouveau coronavirus et \u00e0 faire<\/p>\n<p>respecter le confinement total ainsi que toutes les mesures qui y ont \u00e9t\u00e9 impos\u00e9es.<\/p>\n<p>Selon un communiqu\u00e9, le conseil minist\u00e9riel restreint a \u00e9t\u00e9 consacr\u00e9 au suivi de l\u2019\u00e9volution de la situation \u00e9pid\u00e9miologique dans le pays et aux mesures qui ont \u00e9t\u00e9 prises \u00e0 cet effet.<\/p>\n<div class=\"wp-post-author-wrap wp-post-author-shortcode left\">\n<h3 class=\"awpa-title\"\/>\n<div class=\"wp-post-author\">\n<div class=\"awpa-img awpa-author-block square\"><a href=\"http:\/\/lexpertjournal.net\/fr\/?author=5\"><img loading=\"lazy\" decoding=\"async\" alt=\"\" src=\"http:\/\/0.gravatar.com\/avatar\/97f8e10a1c1125ba104a76514ee07b16?s=150&amp;d=mm&amp;r=g\" srcset=\"http:\/\/0.gravatar.com\/avatar\/97f8e10a1c1125ba104a76514ee07b16?s=300&amp;d=mm&amp;r=g 2x\" class=\"avatar avatar-150 photo\" height=\"150\" width=\"150\"\/><\/a><\/div>\n<\/div>\n<\/div>\n<aside class=\"mashsb-container mashsb-main mashsb-stretched\">\n<\/aside>\n<p>Auteur: L&rsquo;expert<br \/>\n<a href=\"http:\/\/lexpertjournal.net\/fr\/?p=13757\">Cliquez ici pour lire l&rsquo;article depuis sa source.<\/a><\/p>\n","protected":false},"excerpt":{"rendered":"<p>Un conseil minist\u00e9riel restreint (CMR) tenu, mercredi, sous la pr\u00e9sidence du chef du gouvernement Ely\u00e8s Fakhfakh a d\u00e9cid\u00e9 de nouvelles mesures pour contrer la propagation de la pand\u00e9mie de coronavirus. Il s\u2019agit de : * Organiser l\u2019op\u00e9ration d\u2019attribution des permis de circulation * Infliger une amende aux citoyens qui ne respectent pas les dispositions du [&hellip;]<\/p>\n","protected":false},"author":1775,"featured_media":0,"comment_status":"closed","ping_status":"closed","sticky":false,"template":"","format":"standard","meta":{"fifu_image_url":"","fifu_image_alt":"","footnotes":""},"categories":[78,55],"tags":[],"class_list":["post-81694","post","type-post","status-publish","format-standard","hentry","category-economie","category-tunisie"],"_links":{"self":[{"href":"https:\/\/linitiative.ca\/International\/wp-json\/wp\/v2\/posts\/81694","targetHints":{"allow":["GET"]}}],"collection":[{"href":"https:\/\/linitiative.ca\/International\/wp-json\/wp\/v2\/posts"}],"about":[{"href":"https:\/\/linitiative.ca\/International\/wp-json\/wp\/v2\/types\/post"}],"author":[{"embeddable":true,"href":"https:\/\/linitiative.ca\/International\/wp-json\/wp\/v2\/users\/1775"}],"replies":[{"embeddable":true,"href":"https:\/\/linitiative.ca\/International\/wp-json\/wp\/v2\/comments?post=81694"}],"version-history":[{"count":0,"href":"https:\/\/linitiative.ca\/International\/wp-json\/wp\/v2\/posts\/81694\/revisions"}],"wp:attachment":[{"href":"https:\/\/linitiative.ca\/International\/wp-json\/wp\/v2\/media?parent=81694"}],"wp:term":[{"taxonomy":"category","embeddable":true,"href":"https:\/\/linitiative.ca\/International\/wp-json\/wp\/v2\/categories?post=81694"},{"taxonomy":"post_tag","embeddable":true,"href":"https:\/\/linitiative.ca\/International\/wp-json\/wp\/v2\/tags?post=81694"}],"curies":[{"name":"wp","href":"https:\/\/api.w.org\/{rel}","templated":true}]}}